{"id":168,"date":"2020-10-28T13:01:15","date_gmt":"2020-10-28T12:01:15","guid":{"rendered":"https:\/\/simonyi.kre.hu\/?p=168"},"modified":"2026-04-10T15:47:16","modified_gmt":"2026-04-10T13:47:16","slug":"a-simonyi-verseny-jovojerol","status":"publish","type":"post","link":"https:\/\/simonyi.kre.hu\/?p=168","title":{"rendered":"H\u00edrek"},"content":{"rendered":"\r\n<p style=\"text-align: center;\"><span style=\"font-size: 18pt;\"><strong><span style=\"font-family: verdana, geneva, sans-serif;\">A XXIX. Simonyi-verseny<\/span><\/strong><\/span><\/p>\r\n\r\n\r\n\r\n<p style=\"text-align: center;\"><span style=\"font-family: verdana, geneva, sans-serif; font-size: 12pt;\">&#8211; &#8211; &#8211; &#8211; o &#8211; &#8211; &#8211; &#8211;<\/span><\/p>\r\n<p>\r\n\r\n<\/p>\r\n<p><em><span style=\"font-family: verdana, geneva, sans-serif; font-size: 10pt;\">2026. 04. 07.<\/span><\/em><\/p>\r\n<p class=\"has-medium-font-size\"><span style=\"font-family: verdana, geneva, sans-serif;\"><strong>A 2. fordul\u00f3 eredm\u00e9nyei<\/strong><\/span><\/p>\r\n<p><span style=\"font-family: verdana, geneva, sans-serif;\">\r\n\r\n<\/span><\/p>\r\n<p><span style=\"font-family: verdana, geneva, sans-serif;\">Megsz\u00fclettek a magyarorsz\u00e1gi, a felvid\u00e9ki, a k\u00e1rp\u00e1taljai \u00e9s a vajdas\u00e1gi iskol\u00e1knak rendezett m\u00e1sodik versenyfordul\u00f3 v\u00e9gleges eredm\u00e9nyei. <\/span><br \/><span style=\"font-family: verdana, geneva, sans-serif;\">A versenyre 1094 int\u00e9zm\u00e9nyb\u0151l 6 917 tanul\u00f3 jutott be. K\u00f6z\u00fcl\u00fck 6 579 f\u0151 vett r\u00e9szt a 2. fordul\u00f3ban.<\/span><\/p>\r\n<p><span style=\"font-family: verdana, geneva, sans-serif;\">\r\n\r\n<\/span><\/p>\r\n<p><span style=\"font-family: verdana, geneva, sans-serif;\">Sz\u00edvb\u0151l gratul\u00e1lunk minden versenyz\u0151nek \u00e9s felk\u00e9sz\u00edt\u0151 tan\u00e1r\u00e1nak!<\/span><\/p>\r\n<p><span style=\"font-family: verdana, geneva, sans-serif;\">\r\n\r\n<\/span><\/p>\r\n<p><span style=\"font-family: verdana, geneva, sans-serif;\"><strong>5. \u00e9vfolyam<\/strong><\/span><\/p>\r\n<p><span style=\"font-family: verdana, geneva, sans-serif;\">\r\n\r\n<\/span><\/p>\r\n<p><span style=\"font-family: verdana, geneva, sans-serif;\">L\u00e9tsz\u00e1m: 1899 f\u0151<\/span><br \/><span style=\"font-family: verdana, geneva, sans-serif;\">\u00c1tlag: 77,89 pont<\/span><br \/><span style=\"font-family: verdana, geneva, sans-serif;\">Legjobb: 99,0 pont<\/span><br \/><span style=\"font-family: verdana, geneva, sans-serif;\">Legjobbak 95 pont f\u00f6l\u00f6tt: 35 f\u0151<\/span><br \/><span style=\"font-family: verdana, geneva, sans-serif;\">Legjobbak 90\u201395 pont k\u00f6z\u00f6tt: 158 f\u0151<\/span><br \/><span style=\"font-family: verdana, geneva, sans-serif;\">Legjobbak 85\u201390 pont k\u00f6z\u00f6tt: 267 f\u0151<\/span><br \/><span style=\"font-family: verdana, geneva, sans-serif;\">Tov\u00e1bbjut\u00f3k \u00e1tlaga: 95,68 pont<\/span><\/p>\r\n<p><span style=\"font-family: verdana, geneva, sans-serif;\">\r\n\r\n<\/span><\/p>\r\n<p class=\"has-normal-font-size\"><span style=\"font-family: verdana, geneva, sans-serif;\"><strong>6. \u00e9vfolyam<\/strong><\/span><\/p>\r\n<p><span style=\"font-family: verdana, geneva, sans-serif;\">\r\n\r\n<\/span><\/p>\r\n<p><span style=\"font-family: verdana, geneva, sans-serif;\">L\u00e9tsz\u00e1m: 1780 f\u0151<\/span><br \/><span style=\"font-family: verdana, geneva, sans-serif;\">\u00c1tlag: 73,0 pont<\/span><br \/><span style=\"font-family: verdana, geneva, sans-serif;\">Legjobb: 99,0 pont<\/span><br \/><span style=\"font-family: verdana, geneva, sans-serif;\">Legjobbak 95 pont f\u00f6l\u00f6tt: 13 f\u0151<\/span><br \/><span style=\"font-family: verdana, geneva, sans-serif;\">Legjobbak 90\u201395 pont k\u00f6z\u00f6tt: 79 f\u0151<\/span><br \/><span style=\"font-family: verdana, geneva, sans-serif;\">Legjobbak 85\u201390 pont k\u00f6z\u00f6tt: 137 f\u0151<\/span><br \/><span style=\"font-family: verdana, geneva, sans-serif;\">Tov\u00e1bbjut\u00f3k \u00e1tlaga: 94,17 pont<\/span><\/p>\r\n<p><span style=\"font-family: verdana, geneva, sans-serif;\">\r\n\r\n<\/span><\/p>\r\n<p><span style=\"font-family: verdana, geneva, sans-serif;\"><strong>7. \u00e9vfolyam<\/strong><\/span><\/p>\r\n<p><span style=\"font-family: verdana, geneva, sans-serif;\">\r\n\r\n<\/span><\/p>\r\n<p><span style=\"font-family: verdana, geneva, sans-serif;\">L\u00e9tsz\u00e1m: 1622 f\u0151<\/span><br \/><span style=\"font-family: verdana, geneva, sans-serif;\">\u00c1tlag: 73,43 pont<\/span><br \/><span style=\"font-family: verdana, geneva, sans-serif;\">Legjobb: 100,0 pont<\/span><br \/><span style=\"font-family: verdana, geneva, sans-serif;\">Legjobbak 95 pont f\u00f6l\u00f6tt: 11 f\u0151<\/span><br \/><span style=\"font-family: verdana, geneva, sans-serif;\">Legjobbak 90\u201395 pont k\u00f6z\u00f6tt: 56 f\u0151<\/span><br \/><span style=\"font-family: verdana, geneva, sans-serif;\">Legjobbak 85\u201390 pont k\u00f6z\u00f6tt: 127 f\u0151<\/span><br \/><span style=\"font-family: verdana, geneva, sans-serif;\">Tov\u00e1bbjut\u00f3k \u00e1tlaga: 91,96 pont<\/span><\/p>\r\n<p><span style=\"font-family: verdana, geneva, sans-serif;\">\r\n\r\n<\/span><\/p>\r\n<p><span style=\"font-family: verdana, geneva, sans-serif;\"><strong>8. \u00e9vfolyam<\/strong><\/span><\/p>\r\n<p><span style=\"font-family: verdana, geneva, sans-serif;\">\r\n\r\n<\/span><\/p>\r\n<p><span style=\"font-family: verdana, geneva, sans-serif;\">L\u00e9tsz\u00e1m: 1278 f\u0151<\/span><br \/><span style=\"font-family: verdana, geneva, sans-serif;\">\u00c1tlag: 73,25 pont<\/span><br \/><span style=\"font-family: verdana, geneva, sans-serif;\">Legjobb: 99,0 pont<\/span><br \/><span style=\"font-family: verdana, geneva, sans-serif;\">Legjobbak 95 pont f\u00f6l\u00f6tt: 12 f\u0151<\/span><br \/><span style=\"font-family: verdana, geneva, sans-serif;\">Legjobbak 90\u201395 pont k\u00f6z\u00f6tt: 29 f\u0151<\/span><br \/><span style=\"font-family: verdana, geneva, sans-serif;\">Legjobbak 85\u201390 pont k\u00f6z\u00f6tt: 77 f\u0151<\/span><br \/><span style=\"font-family: verdana, geneva, sans-serif;\">Tov\u00e1bbjut\u00f3k \u00e1tlaga: 92,68 pont<\/span><\/p>\r\n<p><span style=\"font-family: verdana, geneva, sans-serif;\">\r\n\r\n<\/span><\/p>\r\n<p><span style=\"font-family: verdana, geneva, sans-serif;\">A versenyz\u0151k szem\u00e9ly szerint el\u00e9rt eredm\u00e9ny\u00e9t, illetve a d\u00f6nt\u0151be jutott versenyz\u0151ket minden int\u00e9zm\u00e9ny, illetve iskolai kapcsolattart\u00f3 megkapta \u00edm\u00e9lben.<\/span><\/p>\r\n<p><span style=\"font-family: verdana, geneva, sans-serif;\">\r\n\r\n<\/span><\/p>\r\n<p class=\"has-text-align-center\"><span style=\"font-family: verdana, geneva, sans-serif;\">&#8211; &#8211; &#8211; &#8211; o &#8211; &#8211; &#8211; &#8211;<\/span><\/p>\r\n\r\n\r\n\r\n<p><em><span style=\"font-family: verdana, geneva, sans-serif; font-size: 10pt;\">2026. 03. 24.<\/span><\/em><\/p>\r\n<p class=\"has-medium-font-size\"><span style=\"font-family: verdana, geneva, sans-serif;\"><strong>A verseny 2. fordul\u00f3j\u00e1nak id\u0151pontja<\/strong><\/span><\/p>\r\n<p><span style=\"font-family: verdana, geneva, sans-serif;\">\r\n\r\n<\/span><\/p>\r\n<p><span style=\"font-family: verdana, geneva, sans-serif;\"><strong>2026. m\u00e1rcius 25. (szerda) magyarorsz\u00e1gi id\u0151 szerint 14:00 \u00f3ra egyidej\u0171leg minden \u00e9vfolyam sz\u00e1m\u00e1ra.<\/strong><\/span><\/p>\r\n<p><span style=\"font-family: verdana, geneva, sans-serif;\">\r\n\r\n<\/span><\/p>\r\n<p><span style=\"font-family: verdana, geneva, sans-serif;\">A versenyfel\u00fcletet 13:45-kor nyitjuk meg, \u00e9s 16:15-kor z\u00e1rjuk be.<\/span><\/p>\r\n<p><span style=\"font-family: verdana, geneva, sans-serif;\">\r\n\r\n<\/span><\/p>\r\n<p><span style=\"font-family: verdana, geneva, sans-serif;\">Helysz\u00edn: a versenyz\u0151 saj\u00e1t iskol\u00e1ja.<\/span><\/p>\r\n<p><span style=\"font-family: verdana, geneva, sans-serif;\">\r\n\r\n<\/span><\/p>\r\n<p><span style=\"font-family: verdana, geneva, sans-serif;\">A versenyfel\u00fclet csak pontosan be\u00edrt adatokkal nyithat\u00f3 meg, a szerver el\u00e9rhet\u0151s\u00e9ge \u00e9s a bel\u00e9p\u00e9si adatok (felhaszn\u00e1l\u00f3n\u00e9v \u00e9s jelsz\u00f3) v\u00e1ltozatlanok.<\/span><\/p>\r\n<p><span style=\"font-family: verdana, geneva, sans-serif;\">\r\n\r\n<\/span><\/p>\r\n<p><span style=\"font-family: verdana, geneva, sans-serif;\">Feladatlapok megtekint\u00e9se: m\u00e1rcius 31. (kedd) 14:00\u201316:00 \u00f3ra. <\/span><br \/><span style=\"font-family: verdana, geneva, sans-serif;\">A jav\u00edt\u00e1ssal kapcsolatos \u00e9szrev\u00e9teleiket \u00e1prilis 2-ig (cs\u00fct\u00f6rt\u00f6k) v\u00e1rjuk a <a href=\"mailto:pk.simonyi-verseny@kre.hu\">pk.simonyi-verseny@kre.hu<\/a> c\u00edmen.<\/span><\/p>\r\n<p style=\"text-align: center;\"><span style=\"font-family: verdana, geneva, sans-serif; font-size: 12pt;\">&#8211; &#8211; &#8211; &#8211; o &#8211; &#8211; &#8211; &#8211;<\/span><\/p>\r\n<p style=\"text-align: left;\"><em><span style=\"font-family: verdana, geneva, sans-serif; font-size: 10pt;\">2026. 03. 09.<\/span><\/em><\/p>\r\n\r\n\r\n\r\n<p><span style=\"font-family: verdana, geneva, sans-serif; font-size: 12pt;\"><strong>Az 1. fordul\u00f3 eredm\u00e9nyei<\/strong><\/span><\/p>\r\n\r\n\r\n\r\n<p style=\"text-align: justify;\"><span style=\"font-family: verdana, geneva, sans-serif; font-size: 12pt;\">Megsz\u00fclettek a magyarorsz\u00e1gi, a felvid\u00e9ki, a k\u00e1rp\u00e1taljai \u00e9s a vajdas\u00e1gi iskol\u00e1knak rendezett versenyfordul\u00f3 v\u00e9gleges eredm\u00e9nyei. A versenyre 1204 int\u00e9zm\u00e9nyb\u0151l 25\u00a0936 tanul\u00f3 jelentkezett. Az els\u0151 fordul\u00f3ban 19 968 f\u0151 vett r\u00e9szt.<\/span><\/p>\r\n\r\n\r\n\r\n<p style=\"text-align: justify;\"><span style=\"font-family: verdana, geneva, sans-serif; font-size: 12pt;\">Versenyszab\u00e1lyzatunk \u00e9rtelm\u00e9ben a k\u00f6vetkez\u0151 fordul\u00f3ra az 1. fordul\u00f3 legjobbjai juthatnak tov\u00e1bb. Ez jelen esetben a versenyz\u0151k 1\/3-\u00e1t jelenti a tervezett 25% helyett. Az els\u0151 fordul\u00f3ban r\u00e9szt vett k\u00f6zel 20\u00a0000 tanul\u00f3 k\u00f6z\u00fcl 6917 versenyz\u0151 folytathatja a versenyt. Sz\u00edvb\u0151l gratul\u00e1lunk minden versenyz\u0151nek \u00e9s felk\u00e9sz\u00edt\u0151 tan\u00e1r\u00e1nak!<\/span><\/p>\r\n\r\n\r\n\r\n<p><span style=\"font-family: verdana, geneva, sans-serif; font-size: 12pt;\"><strong>5. \u00e9vfolyam<\/strong><\/span><\/p>\r\n\r\n\r\n\r\n<p><span style=\"font-family: verdana, geneva, sans-serif; font-size: 12pt;\">L\u00e9tsz\u00e1m: 5854 f\u0151<\/span><br \/><span style=\"font-family: verdana, geneva, sans-serif; font-size: 12pt;\">\u00c1tlag: 63,64 pont<\/span><br \/><span style=\"font-family: verdana, geneva, sans-serif; font-size: 12pt;\">Legjobb: 100,0 pont<\/span><br \/><span style=\"font-family: verdana, geneva, sans-serif; font-size: 12pt;\">Legjobbak 90 pont f\u00f6l\u00f6tt: 138 f\u0151<\/span><br \/><span style=\"font-family: verdana, geneva, sans-serif; font-size: 12pt;\">Legjobbak 80\u201390 pont k\u00f6z\u00f6tt: 533 f\u0151<\/span><br \/><span style=\"font-family: verdana, geneva, sans-serif; font-size: 12pt;\">Tov\u00e1bbjut\u00f3k \u00e1tlaga: 77,96 pont<\/span><\/p>\r\n\r\n\r\n\r\n<p><strong><span style=\"font-family: verdana, geneva, sans-serif; font-size: 12pt;\">6. \u00e9vfolyam<\/span><\/strong><\/p>\r\n\r\n\r\n\r\n<p><span style=\"font-family: verdana, geneva, sans-serif; font-size: 12pt;\">L\u00e9tsz\u00e1m: 5315 f\u0151<\/span><br \/><span style=\"font-family: verdana, geneva, sans-serif; font-size: 12pt;\">\u00c1tlag: 64,81 pont<\/span><br \/><span style=\"font-family: verdana, geneva, sans-serif; font-size: 12pt;\">Legjobb: 100,0 pont<\/span><br \/><span style=\"font-family: verdana, geneva, sans-serif; font-size: 12pt;\">Legjobbak 90 pont f\u00f6l\u00f6tt: 154 f\u0151<\/span><br \/><span style=\"font-family: verdana, geneva, sans-serif; font-size: 12pt;\">Legjobbak 80\u201390 pont k\u00f6z\u00f6tt: 613 f\u0151<\/span><br \/><span style=\"font-family: verdana, geneva, sans-serif; font-size: 12pt;\">Tov\u00e1bbjut\u00f3k \u00e1tlaga: 79,45 pont<\/span><\/p>\r\n\r\n\r\n\r\n<p><strong><span style=\"font-family: verdana, geneva, sans-serif; font-size: 12pt;\">7. \u00e9vfolyam<\/span><\/strong><\/p>\r\n\r\n\r\n\r\n<p><span style=\"font-family: verdana, geneva, sans-serif; font-size: 12pt;\">L\u00e9tsz\u00e1m: 4939 f\u0151<\/span><br \/><span style=\"font-family: verdana, geneva, sans-serif; font-size: 12pt;\">\u00c1tlag: 64,23 pont<\/span><br \/><span style=\"font-family: verdana, geneva, sans-serif; font-size: 12pt;\">Legjobb: 100,0 pont<\/span><br \/><span style=\"font-family: verdana, geneva, sans-serif; font-size: 12pt;\">Legjobbak 90 pont f\u00f6l\u00f6tt: 190 f\u0151<\/span><br \/><span style=\"font-family: verdana, geneva, sans-serif; font-size: 12pt;\">Legjobbak 80\u201390 pont k\u00f6z\u00f6tt: 573 f\u0151<\/span><br \/><span style=\"font-family: verdana, geneva, sans-serif; font-size: 12pt;\">Tov\u00e1bbjut\u00f3k \u00e1tlaga: 79,83 pont<\/span><\/p>\r\n\r\n\r\n\r\n<p><strong><span style=\"font-family: verdana, geneva, sans-serif; font-size: 12pt;\">8. \u00e9vfolyam<\/span><\/strong><\/p>\r\n\r\n\r\n\r\n<p><span style=\"font-family: verdana, geneva, sans-serif; font-size: 12pt;\">L\u00e9tsz\u00e1m: 3860 f\u0151<\/span><br \/><span style=\"font-family: verdana, geneva, sans-serif; font-size: 12pt;\">\u00c1tlag: 63,27 pont<\/span><br \/><span style=\"font-family: verdana, geneva, sans-serif; font-size: 12pt;\">Legjobb: 97,43 pont<\/span><br \/><span style=\"font-family: verdana, geneva, sans-serif; font-size: 12pt;\">Legjobbak 90 pont f\u00f6l\u00f6tt: 69 f\u0151<\/span><br \/><span style=\"font-family: verdana, geneva, sans-serif; font-size: 12pt;\">Legjobbak 80\u201390 pont k\u00f6z\u00f6tt: 441 f\u0151<\/span><br \/><span style=\"font-family: verdana, geneva, sans-serif; font-size: 12pt;\">Tov\u00e1bbjut\u00f3k \u00e1tlaga: 78,31 pont<\/span><\/p>\r\n\r\n\r\n\r\n<p style=\"text-align: justify;\"><span style=\"font-family: verdana, geneva, sans-serif; font-size: 12pt;\">A versenyz\u0151k szem\u00e9ly szerint el\u00e9rt eredm\u00e9ny\u00e9t minden int\u00e9zm\u00e9ny, illetve iskolai kapcsolattart\u00f3 megkapta \u00edm\u00e9lben, amely a tov\u00e1bbjut\u00f3kat is tartalmazta.<\/span><\/p>\r\n\r\n\r\n\r\n<p style=\"text-align: center;\"><span style=\"font-family: verdana, geneva, sans-serif; font-size: 12pt;\">&#8211; &#8211; &#8211; &#8211; o &#8211; &#8211; &#8211; &#8211;<\/span><\/p>\r\n\r\n\r\n\r\n<p><em><span style=\"font-family: verdana, geneva, sans-serif; font-size: 10pt;\">2026. 03. 02.<\/span><\/em><\/p>\r\n\r\n\r\n\r\n<p style=\"text-align: justify;\"><span style=\"font-family: verdana, geneva, sans-serif; font-size: 12pt;\">A verseny 1. fordul\u00f3ja lez\u00e1rult. A versenyz\u0151k 2025. febru\u00e1r 25-\u00e9n \u00e9s 26-\u00e1n, valamint a p\u00f3tnapon m\u00e1rcius 2-\u00e1n t\u00f6lthett\u00e9k ki a feladatlapokat. A megold\u00e1sok megtekint\u00e9s\u00e9re m\u00e1rcius 3\u20134. (kedd-szerda) 14:00\u201316:00 \u00f3ra k\u00f6z\u00f6tt van lehet\u0151s\u00e9g. A jav\u00edt\u00e1ssal kapcsolatos \u00e9szrev\u00e9teleket m\u00e1rcius 6-ig (p\u00e9ntek) v\u00e1rjuk a <a href=\"mailto:pk.simonyi-verseny@kre.hu\">pk.simonyi-verseny@kre.hu<\/a> c\u00edmen.<\/span><\/p>\r\n\r\n\r\n\r\n<p style=\"text-align: center;\"><span style=\"font-family: verdana, geneva, sans-serif; font-size: 12pt;\">&#8211; &#8211; &#8211; &#8211; o &#8211; &#8211; &#8211; &#8211;<\/span><\/p>\r\n\r\n\r\n\r\n<p><em><span style=\"font-family: verdana, geneva, sans-serif; font-size: 10pt;\">2026. 02. 12.<\/span><\/em><\/p>\r\n\r\n\r\n\r\n<p style=\"text-align: justify;\"><strong><span style=\"font-family: verdana, geneva, sans-serif; font-size: 12pt;\">Lez\u00e1rult a jelentkez\u00e9s a XXIX. Simonyi Zsigmond K\u00e1rp\u00e1t-medencei\u00a0helyes\u00edr\u00e1si\u00a0versenyre.<\/span><\/strong><\/p>\r\n\r\n\r\n\r\n<p><span style=\"font-family: verdana, geneva, sans-serif; font-size: 12pt;\">A nevez\u0151 int\u00e9zm\u00e9nyek sz\u00e1ma: 1204 iskola. <\/span><br \/><span style=\"font-family: verdana, geneva, sans-serif; font-size: 12pt;\">A nevezett tanul\u00f3k sz\u00e1ma:\u00a0 25 936 f\u0151.<\/span><\/p>\r\n\r\n\r\n\r\n<p style=\"text-align: justify;\"><span style=\"font-family: verdana, geneva, sans-serif; font-size: 12pt;\">Ha k\u00e9rd\u00e9se van, szem\u00e9lyes <strong>konzult\u00e1ci\u00f3n<\/strong>\u00a0v\u00e1rjuk 2026. febru\u00e1r 16-\u00e1n (h\u00e9tf\u0151n) 14.30 \u00e9s 15.30 k\u00f6z\u00f6tt.<\/span><br \/><strong><span style=\"font-family: verdana, geneva, sans-serif; font-size: 12pt;\"><a href=\"https:\/\/simonyi.kre.hu\/wp-content\/uploads\/2026\/02\/Simonyi_20260216.mp4\" target=\"_blank\" rel=\"noopener\">Felv\u00e9tel lej\u00e1tsz\u00e1sa<\/a><\/span><\/strong><\/p>\r\n\r\n\r\n\r\n<p style=\"text-align: justify;\"><span style=\"font-family: verdana, geneva, sans-serif;\">2026. febru\u00e1r 18-\u00e1n \u00e9s 19-\u00e9n magyarorsz\u00e1gi id\u0151 szerint 14:00 \u00e9s 16:00 \u00f3ra k\u00f6z\u00f6tt gyakorl\u00e1si lehet\u0151s\u00e9get biztos\u00edtunk a versenyz\u0151 di\u00e1koknak a verseny digit\u00e1lis platformj\u00e1n.<\/span><\/p>\r\n\r\n\r\n\r\n<p style=\"text-align: justify;\"><span style=\"font-family: verdana, geneva, sans-serif;\">A verseny 1. fordul\u00f3ja 2026. febru\u00e1r 25-\u00e9n \u00e9s 26-\u00e1n zajlik. <\/span><span style=\"font-family: verdana, geneva, sans-serif; text-align: justify; font-size: 1rem;\">A r\u00e9szletekr\u0151l \u00edm\u00e9lben kaptak a nevez\u0151 int\u00e9zm\u00e9nyek \u00e9s a kapcsolattart\u00f3 koll\u00e9g\u00e1k t\u00e1j\u00e9koztat\u00e1st.<\/span><\/p>\r\n\r\n\r\n\r\n<p class=\"has-text-align-left\" style=\"text-align: justify;\"><span style=\"font-family: verdana, geneva, sans-serif;\">B\u00e1rmilyen k\u00e9rd\u00e9s, regisztr\u00e1ci\u00f3val kapcsolatos probl\u00e9ma eset\u00e9n \u00edm\u00e9lben forduljanak a szervez\u0151kh\u00f6z!<\/span><\/p>\r\n\r\n\r\n\r\n<p class=\"has-text-align-center\" style=\"text-align: center;\"><span style=\"font-family: verdana, geneva, sans-serif; font-size: 12pt;\">&#8211; &#8211; &#8211; &#8211; o &#8211; &#8211; &#8211; &#8211;<\/span><\/p>\r\n\r\n\r\n\r\n<p class=\"has-small-font-size\"><span style=\"font-family: verdana, geneva, sans-serif; font-size: 10pt;\"><mark class=\"has-inline-color has-luminous-vivid-orange-color\" style=\"background-color: rgba(0, 0, 0, 0);\"><mark class=\"has-inline-color has-black-color\" style=\"background-color: rgba(0, 0, 0, 0);\"><em>2025. 11. 19.<\/em><\/mark><\/mark><\/span><\/p>\r\n\r\n\r\n\r\n<p style=\"text-align: justify;\"><span style=\"font-family: verdana, geneva, sans-serif; font-size: 12pt;\">Tisztelt Koll\u00e9g\u00e1k! Tisztelt \u00c9rdekl\u0151d\u0151k! Kedves Di\u00e1kok!<\/span><\/p>\r\n\r\n\r\n\r\n<p style=\"text-align: justify;\"><span style=\"font-family: verdana, geneva, sans-serif; font-size: 12pt;\">Honlapunk <a href=\"https:\/\/simonyi.kre.hu\/wp-content\/uploads\/2025\/09\/simonyi_versenykiiras_2025-2026.pdf\" target=\"_blank\" rel=\"noreferrer noopener\"><strong>Versenyki\u00edr\u00e1s<\/strong><\/a>\u00a0men\u00fcpontj\u00e1ban olvashat\u00f3k a 2025\/26. tan\u00e9vi verseny r\u00e9szletei, \u00edgy az egyes fordul\u00f3k id\u0151pontjai is.<\/span><\/p>\r\n\r\n\r\n\r\n<p style=\"text-align: justify;\"><span style=\"font-family: verdana, geneva, sans-serif; font-size: 12pt;\"><strong>A <a href=\"https:\/\/simonyi.kre.hu\/?page_id=2743\" target=\"_blank\" rel=\"noreferrer noopener\" data-type=\"page\" data-id=\"2743\">regisztr\u00e1ci\u00f3<\/a>\u00a02025. november 20-\u00e1n kezd\u0151dik, \u00e9s 2026. janu\u00e1r 20-\u00e1n z\u00e1rul.<\/strong> Ezt k\u00f6vet\u0151en vessz\u00fck fel int\u00e9zm\u00e9ny\u00fckkel \u00e9s az int\u00e9zm\u00e9nyt k\u00e9pvisel\u0151 versenyszervez\u0151 koll\u00e9g\u00e1val \u00edm\u00e9lben a kapcsolatot.<\/span><\/p>\r\n\r\n\r\n\r\n<p style=\"text-align: justify;\"><span style=\"font-family: verdana, geneva, sans-serif; font-size: 12pt;\">Ne feledkezzenek meg az adatv\u00e9delmi hozz\u00e1j\u00e1rul\u00f3 nyilatkozatok kit\u00f6lt\u00e9s\u00e9r\u0151l \u00e9s meg\u0151rz\u00e9s\u00e9r\u0151l! A tudnival\u00f3kr\u00f3l b\u0151vebben a <strong>Regisztr\u00e1ci\u00f3 2025\/26 <\/strong>oldalon az <strong>Adatv\u00e9delem\/<\/strong><a href=\"https:\/\/simonyi.kre.hu\/wp-content\/uploads\/2023\/10\/informacio_adatvedelem_2023-24.pdf\" target=\"_blank\" rel=\"noreferrer noopener\"><strong>Inform\u00e1ci\u00f3<\/strong> <\/a>alatt olvashatnak.<\/span><\/p>\r\n\r\n\r\n\r\n<p style=\"text-align: justify;\"><span style=\"font-family: verdana, geneva, sans-serif; font-size: 12pt;\">V\u00e1rjuk megtisztel\u0151 jelentkez\u00e9s\u00fcket!<\/span><\/p>\r\n\r\n\r\n\r\n<p><strong><span style=\"font-family: verdana, geneva, sans-serif; font-size: 12pt;\">Online szakmai megnyit\u00f3 janu\u00e1r 14-\u00e9n.<\/span><\/strong><br \/><strong><span style=\"font-family: verdana, geneva, sans-serif; font-size: 12pt;\"><a href=\"https:\/\/simonyi.kre.hu\/wp-content\/uploads\/2026\/01\/Simonyi_indulo_Meghivo_2025_2026.pdf\" target=\"_blank\" rel=\"noreferrer noopener\">Megh\u00edv\u00f3<\/a><\/span><\/strong><br \/><strong><span style=\"font-family: verdana, geneva, sans-serif; font-size: 12pt;\"><a href=\"https:\/\/simonyi.kre.hu\/wp-content\/uploads\/2026\/01\/Simonyi_indulo_20260114.mp4\" target=\"_blank\" rel=\"noreferrer noopener\">Felv\u00e9tel lej\u00e1tsz\u00e1sa<\/a><\/span><\/strong><\/p>\r\n\r\n\r\n\r\n<p style=\"text-align: center;\"><span style=\"font-family: verdana, geneva, sans-serif; font-size: 12pt;\">&#8211; &#8211; &#8211; &#8211; o &#8211; &#8211; &#8211; &#8211;<\/span><\/p>\r\n\r\n\r\n\r\n<p><strong><span style=\"font-family: verdana, geneva, sans-serif; font-size: 12pt;\">Mi t\u00f6rt\u00e9nt a 2024\/25. tan\u00e9vben?<\/span><\/strong><\/p>\r\n\r\n<p>&nbsp;<\/p>\r\n\r\n<p><span style=\"font-family: verdana, geneva, sans-serif; font-size: 12pt;\">Az \u00e9v esem\u00e9nyei olvashat\u00f3k a verseny szervez\u00e9s\u00e9t \u00e9s megrendez\u00e9s\u00e9t \u00f6sszefoglal\u00f3 <strong><a href=\"https:\/\/simonyi.kre.hu\/wp-content\/uploads\/2025\/07\/szakmai_beszamolo_2025.pdf\" target=\"_blank\" rel=\"noreferrer noopener\">szakmai besz\u00e1mol\u00f3ban<\/a><\/strong>.<\/span><\/p>\r\n<p><span style=\"font-family: verdana, geneva, sans-serif; font-size: 12pt;\">\r\n\r\n<\/span><\/p>\r\n<p><span style=\"font-family: verdana, geneva, sans-serif; font-size: 12pt;\">A d\u00f6nt\u0151r\u0151l k\u00e9sz\u00fclt k\u00e9panyag \u00e9s kisfilm a <strong><a href=\"https:\/\/simonyi.kre.hu\/?p=102\" target=\"_blank\" rel=\"noreferrer noopener\">Gal\u00e9ri\u00e1ban<\/a><\/strong>\u00a0tekinthet\u0151 meg.<\/span><\/p>\r\n<p><span style=\"font-family: verdana, geneva, sans-serif; font-size: 12pt;\">\r\n\r\n<\/span><\/p>\r\n<p id=\"block-a46eb818-e8e5-4fc4-b4b2-784c240223e7\" style=\"text-align: center;\"><span style=\"font-family: verdana, geneva, sans-serif; font-size: 12pt;\">&#8211; &#8211; &#8211; &#8211; o &#8211; &#8211; &#8211; &#8211;<\/span><\/p>\r\n<p><span style=\"font-family: verdana, geneva, sans-serif; font-size: 12pt;\">\r\n\r\n<\/span><\/p>\r\n<p style=\"text-align: center;\"><strong><span style=\"font-family: verdana, geneva, sans-serif; font-size: 12pt;\">XXVIII. Simonyi Zsigmond K\u00e1rp\u00e1t-medencei <\/span><\/strong><br \/><strong><span style=\"font-family: verdana, geneva, sans-serif; font-size: 12pt;\">helyes\u00edr\u00e1si verseny <\/span><\/strong><br \/><strong><span style=\"font-family: verdana, geneva, sans-serif; font-size: 12pt;\">D\u00f6nt\u0151<\/span><\/strong><br \/><strong><span style=\"font-family: verdana, geneva, sans-serif; font-size: 12pt;\">Id\u0151pont: 2025. m\u00e1jus 24. (szombat)<\/span><\/strong><\/p>\r\n<p><span style=\"font-family: verdana, geneva, sans-serif;\">\r\n\r\n<\/span><\/p>\r\n<p style=\"text-align: justify;\"><span style=\"font-family: verdana, geneva, sans-serif; font-size: 12pt; color: #ff0000;\">Ha igazol\u00e1st k\u00e9r a szakmai konferenci\u00e1n val\u00f3 r\u00e9szv\u00e9telr\u0151l, t\u00f6ltse ki a R\u00e9szv\u00e9teli tan\u00fas\u00edtv\u00e1ny 2025 adatlapot!<\/span><\/p>\r\n<p>\r\n\r\n<\/p>\r\n<p class=\"has-text-align-left\" style=\"font-size: 19px;\"><span style=\"font-family: verdana, geneva, sans-serif;\"><strong>A d\u00f6nt\u0151 eredm\u00e9nyei<\/strong><\/span><\/p>\r\n\r\n\r\n\r\n<p class=\"has-normal-font-size\"><span style=\"font-family: verdana, geneva, sans-serif;\">5. \u00e9vfolyam \u00e1tlaga: 86,20%, 1\u201310. helyezett \u00e1tlaga: 95,08%, legmagasabb pontsz\u00e1m: 96,67 pont<\/span><br \/><span style=\"font-family: verdana, geneva, sans-serif;\">6. \u00e9vfolyam \u00e1tlaga: 85,17%, 1\u201310. helyezett \u00e1tlaga: 96,18%, legmagasabb pontsz\u00e1m: 98,67 pont<\/span><br \/><span style=\"font-family: verdana, geneva, sans-serif;\">7. \u00e9vfolyam \u00e1tlaga: 89,93%, 1\u201310. helyezett \u00e1tlaga: 97,81%, legmagasabb pontsz\u00e1m: 99,50 pont<\/span><br \/><span style=\"font-family: verdana, geneva, sans-serif;\">8. \u00e9vfolyam \u00e1tlaga: 83,15%, 1\u201310. helyezett \u00e1tlaga: 93,42%, legmagasabb pontsz\u00e1m: 98,25 pont<\/span><br \/><br \/><span style=\"font-family: verdana, geneva, sans-serif;\">A versenyz\u0151k d\u00f6nt\u0151ben el\u00e9rt eredm\u00e9ny\u00e9r\u0151l minden versenyz\u0151 int\u00e9zm\u00e9nye, illetve kapcsolattart\u00f3 tan\u00e1ra \u00edm\u00e9lben kap t\u00e1j\u00e9koztat\u00e1st. <\/span><br \/><span style=\"font-family: verdana, geneva, sans-serif;\">A verseny eredm\u00e9nyeir\u0151l b\u0151vebb inform\u00e1ci\u00f3 az <strong>Eredm\u00e9nyek <\/strong>men\u00fcpontban tal\u00e1lhat\u00f3.<\/span><\/p>\r\n\r\n\r\n\r\n<p><span style=\"font-family: verdana, geneva, sans-serif;\"><strong>A 2024\/25-\u00f6s tan\u00e9v kit\u00fcntetettjei<\/strong><\/span><\/p>\r\n\r\n\r\n\r\n<p><span style=\"font-family: verdana, geneva, sans-serif;\"><strong>Simonyi Zsigmond-\u00e9rem<\/strong> kit\u00fcntet\u00e9sben r\u00e9szes\u00fclnek kiv\u00e1l\u00f3 munk\u00e1juk\u00e9rt:<\/span><\/p>\r\n\r\n\r\n\r\n<p class=\"has-normal-font-size\"><span style=\"font-family: verdana, geneva, sans-serif;\"><strong>Bodn\u00e1r Petra<\/strong> (<a href=\"https:\/\/simonyi.kre.hu\/wp-content\/uploads\/2025\/05\/Bodnar_Petra.pdf\" target=\"_blank\" rel=\"noreferrer noopener\">laud\u00e1ci\u00f3<\/a>)<\/span><\/p>\r\n\r\n\r\n\r\n<p><span style=\"font-family: verdana, geneva, sans-serif;\"><strong>J\u00e1nosi Benedek<\/strong> (<a href=\"https:\/\/simonyi.kre.hu\/wp-content\/uploads\/2025\/05\/Janosi_Benedek.pdf\" target=\"_blank\" rel=\"noreferrer noopener\">laud\u00e1ci\u00f3<\/a>)<\/span><\/p>\r\n\r\n\r\n\r\n<p class=\"has-normal-font-size\"><span style=\"font-family: verdana, geneva, sans-serif;\"><strong>Kr\u00e1nicz Attila Bence<\/strong> (<a href=\"https:\/\/simonyi.kre.hu\/wp-content\/uploads\/2025\/05\/Kranitz_Attila_Bence.pdf\" target=\"_blank\" rel=\"noreferrer noopener\">laud\u00e1ci\u00f3<\/a>)<\/span><\/p>\r\n\r\n\r\n\r\n<p class=\"has-normal-font-size\"><span style=\"font-family: verdana, geneva, sans-serif;\"><strong>Simon-N\u00e9meth S\u00e1muel<\/strong> (<a href=\"https:\/\/simonyi.kre.hu\/wp-content\/uploads\/2025\/05\/Simon_Nemeth_Samuel.pdf\" target=\"_blank\" rel=\"noreferrer noopener\">laud\u00e1ci\u00f3<\/a>)<\/span><\/p>\r\n\r\n\r\n\r\n<p class=\"has-normal-font-size\">\u00a0<\/p>\r\n\r\n\r\n<div class=\"wp-block-image is-resized\">\r\n<figure class=\"aligncenter size-medium\"><span style=\"font-family: verdana, geneva, sans-serif;\"><img loading=\"lazy\" decoding=\"async\" width=\"300\" height=\"287\" class=\"wp-image-974\" src=\"https:\/\/simonyi.kre.hu\/wp-content\/uploads\/2021\/07\/Simonyi_ermesek_2021-1-300x287.jpg\" alt=\"\" srcset=\"https:\/\/simonyi.kre.hu\/wp-content\/uploads\/2021\/07\/Simonyi_ermesek_2021-1-300x287.jpg 300w, https:\/\/simonyi.kre.hu\/wp-content\/uploads\/2021\/07\/Simonyi_ermesek_2021-1.jpg 693w\" sizes=\"auto, (max-width: 300px) 100vw, 300px\" \/><\/span><\/figure>\r\n<p><span style=\"font-family: verdana, geneva, sans-serif;\"><\/div>\r\n\r\n<\/span><\/p>\r\n<p><span style=\"font-family: verdana, geneva, sans-serif;\"><strong>Simonyi Zsigmond-serleg <\/strong>kit\u00fcntet\u00e9sben azok az iskol\u00e1k r\u00e9szes\u00fclnek, amelyekb\u0151l az \u00e9vek sor\u00e1n a legt\u00f6bb versenyz\u0151 jutott a d\u00f6nt\u0151be:<\/span><\/p>\r\n<p><span style=\"font-family: verdana, geneva, sans-serif;\">\r\n\r\n<\/span><\/p>\r\n<ul class=\"wp-block-list\">\r\n<li><span style=\"font-family: verdana, geneva, sans-serif;\">Hajd\u00fab\u00f6sz\u00f6rm\u00e9nyi Bocskai Istv\u00e1n Gimn\u00e1zium, Hajd\u00fab\u00f6sz\u00f6rm\u00e9ny (<a href=\"https:\/\/simonyi.kre.hu\/wp-content\/uploads\/2025\/05\/Hajduboszormeny_Bocskai.pdf\" target=\"_blank\" rel=\"noreferrer noopener\">laud\u00e1ci\u00f3<\/a>)<\/span><\/li>\r\n\r\n\r\n\r\n<li><span style=\"font-family: verdana, geneva, sans-serif;\">Lehel Vez\u00e9r Gimn\u00e1zium, J\u00e1szber\u00e9ny (<a href=\"https:\/\/simonyi.kre.hu\/wp-content\/uploads\/2025\/05\/Jaszbereny_Lehel.pdf\" target=\"_blank\" rel=\"noreferrer noopener\">laud\u00e1ci\u00f3<\/a>)<\/span><\/li>\r\n\r\n\r\n\r\n<li><span style=\"font-family: verdana, geneva, sans-serif;\">SZTE B\u00e1thory Istv\u00e1n Gyakorl\u00f3 Gimn\u00e1zium \u00e9s \u00c1ltal\u00e1nos Iskola, Szeged (<a href=\"https:\/\/simonyi.kre.hu\/wp-content\/uploads\/2025\/05\/Szeged_Bathory.pdf\" target=\"_blank\" rel=\"noreferrer noopener\">laud\u00e1ci\u00f3<\/a>)<\/span><\/li>\r\n\r\n\r\n\r\n<li><span style=\"font-family: verdana, geneva, sans-serif;\">Thurz\u00f3 Lajos \u00c1ltal\u00e1nos Iskola, Zenta (<a href=\"https:\/\/simonyi.kre.hu\/wp-content\/uploads\/2025\/05\/Zenta_Thurzo.pdf\" target=\"_blank\" rel=\"noreferrer noopener\">laud\u00e1ci\u00f3<\/a>)<\/span><\/li>\r\n<\/ul>\r\n<p><span style=\"font-family: verdana, geneva, sans-serif;\">\r\n\r\n<div class=\"wp-block-image is-resized\"><\/span><\/p>\r\n<figure class=\"aligncenter size-large\"><span style=\"font-family: verdana, geneva, sans-serif;\"><img loading=\"lazy\" decoding=\"async\" width=\"788\" height=\"590\" class=\"wp-image-979\" src=\"https:\/\/simonyi.kre.hu\/wp-content\/uploads\/2021\/07\/serleges_iskolak_2021-1.jpg\" alt=\"\" srcset=\"https:\/\/simonyi.kre.hu\/wp-content\/uploads\/2021\/07\/serleges_iskolak_2021-1.jpg 788w, https:\/\/simonyi.kre.hu\/wp-content\/uploads\/2021\/07\/serleges_iskolak_2021-1-300x225.jpg 300w, https:\/\/simonyi.kre.hu\/wp-content\/uploads\/2021\/07\/serleges_iskolak_2021-1-768x575.jpg 768w\" sizes=\"auto, (max-width: 767px) 89vw, (max-width: 1000px) 54vw, (max-width: 1071px) 543px, 580px\" \/><\/span><\/figure>\r\n<p><span style=\"font-family: verdana, geneva, sans-serif;\"><\/div>\r\n\r\n<\/span><\/p>\r\n<p><span style=\"font-family: verdana, geneva, sans-serif;\"><strong>Arany Oklev\u00e9l<\/strong> elismer\u00e9sben azok a magyar szakos tan\u00e1rok r\u00e9szes\u00fclnek, akiknek legal\u00e1bb 4 versenyz\u0151j\u00fck szerepelt m\u00e1r a d\u00f6nt\u0151kben:<\/span><\/p>\r\n<p><span style=\"font-family: verdana, geneva, sans-serif;\">\r\n\r\n<\/span><\/p>\r\n<ul id=\"block-16e905a4-1289-4716-a48f-6d7aa864cd25\" class=\"wp-block-list\">\r\n<li><span style=\"font-family: verdana, geneva, sans-serif;\">Ancsinn\u00e9 Francziszky Kl\u00e1ra (Savio Szent Domonkos Katolikus \u00c1ltal\u00e1nos Iskola \u00e9s \u00d3voda, B\u00e9k\u00e9scsaba) (<a href=\"https:\/\/simonyi.kre.hu\/wp-content\/uploads\/2025\/05\/Ancsinne_Francziszky_Klara.pdf\" target=\"_blank\" rel=\"noreferrer noopener\">laud\u00e1ci\u00f3<\/a>)<\/span><\/li>\r\n\r\n\r\n\r\n<li><span style=\"font-family: verdana, geneva, sans-serif;\">Bog\u00e1r-B\u00f3di Bernadett (Dorogi Magyar\u2013Angol K\u00e9t Tan\u00edt\u00e1si Nyelv\u0171 \u00e9s Sportiskolai \u00c1ltal\u00e1nos Iskola Pet\u0151fi S\u00e1ndor Tagiskol\u00e1ja, Dorog) (<a href=\"https:\/\/simonyi.kre.hu\/wp-content\/uploads\/2025\/05\/Bogar_Bodi_Bernadett.pdf\" target=\"_blank\" rel=\"noreferrer noopener\">laud\u00e1ci\u00f3<\/a>)<\/span><\/li>\r\n\r\n\r\n\r\n<li><span style=\"font-family: verdana, geneva, sans-serif;\">B\u00f6g\u00f6s L\u00e1szl\u00f3n\u00e9 (Somogyj\u00e1di Illy\u00e9s Gyula \u00c1ltal\u00e1nos Iskola, Somogyj\u00e1d) (<a href=\"https:\/\/simonyi.kre.hu\/wp-content\/uploads\/2025\/05\/Bogos_Laszlone.pdf\" target=\"_blank\" rel=\"noreferrer noopener\">laud\u00e1ci\u00f3<\/a>)<\/span><\/li>\r\n\r\n\r\n\r\n<li><span style=\"font-family: verdana, geneva, sans-serif;\">Dork\u00f3n\u00e9 Ferenc \u00c9va M\u00e1ria (Egri Hunyadi M\u00e1ty\u00e1s \u00c1ltal\u00e1nos Iskola, Eger) (<a href=\"https:\/\/simonyi.kre.hu\/wp-content\/uploads\/2025\/05\/Dorkone_Ferenc_Eva.pdf\" target=\"_blank\" rel=\"noreferrer noopener\">laud\u00e1ci\u00f3<\/a>)<\/span><\/li>\r\n\r\n\r\n\r\n<li><span style=\"font-family: verdana, geneva, sans-serif;\">Dorm\u00e1n Katalin (P\u00e9csi Reform\u00e1tus Koll\u00e9gium, P\u00e9cs) (<a href=\"https:\/\/simonyi.kre.hu\/wp-content\/uploads\/2025\/05\/Dorman_Katalin.pdf\" target=\"_blank\" rel=\"noreferrer noopener\">laud\u00e1ci\u00f3<\/a>)<\/span><\/li>\r\n\r\n\r\n\r\n<li><span style=\"font-family: verdana, geneva, sans-serif;\">Halmai Gy\u00f6rgyn\u00e9 (Karcagi Nagykun Reform\u00e1tus \u00c1ltal\u00e1nos Iskola \u00e9s Talentum \u00d3voda, Karcag) (<a href=\"https:\/\/simonyi.kre.hu\/wp-content\/uploads\/2025\/05\/Halmai_Gyorgyne.pdf\" target=\"_blank\" rel=\"noreferrer noopener\">laud\u00e1ci\u00f3<\/a>)<\/span><\/li>\r\n\r\n\r\n\r\n<li><span style=\"font-family: verdana, geneva, sans-serif;\">Hegyes Em\u0151ke (Kiskunhalasi Fels\u0151v\u00e1rosi \u00c1ltal\u00e1nos Iskola, Kiskunhalas) (<a href=\"https:\/\/simonyi.kre.hu\/wp-content\/uploads\/2025\/05\/Hegyes_Emoke.pdf\" target=\"_blank\" rel=\"noreferrer noopener\">laud\u00e1ci\u00f3<\/a>)<\/span><\/li>\r\n\r\n\r\n\r\n<li><span style=\"font-family: verdana, geneva, sans-serif;\">Jakabfi Ferencn\u00e9 (Palini Inkey Boldizs\u00e1r \u00c1ltal\u00e1nos Iskola, Nagykanizsa) (<a href=\"https:\/\/simonyi.kre.hu\/wp-content\/uploads\/2025\/05\/Jakabfi_Ferencne.pdf\" target=\"_blank\" rel=\"noreferrer noopener\">laud\u00e1ci\u00f3<\/a>)<\/span><\/li>\r\n\r\n\r\n\r\n<li><span style=\"font-family: verdana, geneva, sans-serif;\">Ol\u00e1hn\u00e9 Szab\u00f3 Judit (Hajd\u00fab\u00f6sz\u00f6rm\u00e9nyi Bocskai Istv\u00e1n Gimn\u00e1zium, Hajd\u00fab\u00f6sz\u00f6rm\u00e9ny) (<a href=\"https:\/\/simonyi.kre.hu\/wp-content\/uploads\/2025\/05\/Olahne_Szabo_Judit.pdf\" target=\"_blank\" rel=\"noreferrer noopener\">laud\u00e1ci\u00f3<\/a>)<\/span><\/li>\r\n\r\n\r\n\r\n<li><span style=\"font-family: verdana, geneva, sans-serif;\">Szab\u00f3 Katalin (Agy Tanoda Magyar\u2013Angol K\u00e9t Tan\u00edt\u00e1si Nyelv\u0171 \u00c1ltal\u00e1nos Iskola, Szentendre) (<a href=\"https:\/\/simonyi.kre.hu\/wp-content\/uploads\/2025\/05\/Szabo_Katalin.pdf\" target=\"_blank\" rel=\"noreferrer noopener\">laud\u00e1ci\u00f3<\/a>)<\/span><\/li>\r\n\r\n\r\n\r\n<li><span style=\"font-family: verdana, geneva, sans-serif;\">Szab\u00f3 Lant\u00f3dy Andrea (Kom\u00e1romi Pet\u0151fi S\u00e1ndor \u00c1ltal\u00e1nos Iskola, Kom\u00e1rom) (<a href=\"https:\/\/simonyi.kre.hu\/wp-content\/uploads\/2025\/05\/Szabo_Lantody_Andrea.pdf\" target=\"_blank\" rel=\"noreferrer noopener\">laud\u00e1ci\u00f3<\/a>)<\/span><\/li>\r\n\r\n\r\n\r\n<li><span style=\"font-family: verdana, geneva, sans-serif;\">T\u00f3th Erika (Egri Hunyadi M\u00e1ty\u00e1s \u00c1ltal\u00e1nos Iskola, Eger) (<a href=\"https:\/\/simonyi.kre.hu\/wp-content\/uploads\/2025\/05\/Toth_Erika.pdf\" target=\"_blank\" rel=\"noreferrer noopener\">laud\u00e1ci\u00f3<\/a>)<\/span><\/li>\r\n\r\n\r\n\r\n<li><span style=\"font-family: verdana, geneva, sans-serif;\">Varga \u00c9va (Kaszonyi Arany J\u00e1nos L\u00edceum, Kaszony) (<a href=\"https:\/\/simonyi.kre.hu\/wp-content\/uploads\/2025\/05\/Varga_Eva.pdf\" target=\"_blank\" rel=\"noreferrer noopener\">laud\u00e1ci\u00f3<\/a>)<\/span><\/li>\r\n\r\n\r\n\r\n<li><span style=\"font-family: verdana, geneva, sans-serif;\">Ver\u00e9b M\u00e1rta (B\u00e1rdos L\u00e1szl\u00f3 Gimn\u00e1zium, Tatab\u00e1nya) (<a href=\"https:\/\/simonyi.kre.hu\/wp-content\/uploads\/2025\/05\/Vereb_Marta.pdf\" target=\"_blank\" rel=\"noreferrer noopener\">laud\u00e1ci\u00f3<\/a>)<\/span><\/li>\r\n<\/ul>\r\n<p><span style=\"font-family: verdana, geneva, sans-serif;\">\r\n\r\n<\/span><\/p>\r\n<p><span style=\"font-family: verdana, geneva, sans-serif;\"><strong>Gy\u00e9m\u00e1nt Oklev\u00e9l<\/strong> elismer\u00e9sben azok a magyar szakos tan\u00e1rok r\u00e9szes\u00fclnek, akiknek legal\u00e1bb 12 versenyz\u0151j\u00fck szerepelt m\u00e1r a d\u00f6nt\u0151kben:<\/span><\/p>\r\n<p><span style=\"font-family: verdana, geneva, sans-serif;\">\r\n\r\n<\/span><\/p>\r\n<ul class=\"wp-block-list\">\r\n<li><span style=\"font-family: verdana, geneva, sans-serif;\">Willinger \u00c1gnes (Biatorb\u00e1gyi \u00c1ltal\u00e1nos Iskola \u00e9s Magyar\u2013Angol K\u00e9t Tan\u00edt\u00e1si Nyelv\u0171 \u00c1ltal\u00e1nos Iskola, Biatorb\u00e1gy) (<a href=\"https:\/\/simonyi.kre.hu\/wp-content\/uploads\/2025\/05\/Willinger_Agnes.pdf\" target=\"_blank\" rel=\"noreferrer noopener\" data-type=\"URL\">laud\u00e1ci\u00f3<\/a>)<\/span><\/li>\r\n<\/ul>\r\n<p><span style=\"font-family: verdana, geneva, sans-serif;\">\r\n\r\n<\/span><\/p>\r\n<p><span style=\"font-family: verdana, geneva, sans-serif;\"><strong>Gratul\u00e1lunk minden kit\u00fcntetettnek!<\/strong><\/span><\/p>\r\n<p><span style=\"font-family: verdana, geneva, sans-serif;\">\r\n\r\n<\/span><\/p>\r\n<p class=\"has-text-align-center\"><span style=\"font-family: verdana, geneva, sans-serif;\">&#8211; &#8211; &#8211; &#8211; o &#8211; &#8211; &#8211; &#8211;<\/span><\/p>\r\n<p><span style=\"font-family: verdana, geneva, sans-serif;\">\r\n\r\n<\/span><\/p>\r\n<p class=\"has-medium-font-size\"><span style=\"font-family: verdana, geneva, sans-serif;\"><strong>A d\u00f6nt\u0151 id\u0151pontja \u00e9s helysz\u00edne<\/strong><\/span><\/p>\r\n<p><span style=\"font-family: verdana, geneva, sans-serif;\">\r\n\r\n<\/span><\/p>\r\n<p><span style=\"font-family: verdana, geneva, sans-serif;\">2025. m\u00e1jus 24.<\/span><br \/><span style=\"font-family: verdana, geneva, sans-serif;\">K\u00e1roli G\u00e1sp\u00e1r Reform\u00e1tus Egyetem Pedag\u00f3giai Kar<\/span><br \/><span style=\"font-family: verdana, geneva, sans-serif;\">1042 Budapest, \u00c1rp\u00e1d \u00fat 161\u2013163.<\/span><\/p>\r\n<p><span style=\"font-family: verdana, geneva, sans-serif;\">\r\n\r\n<\/span><\/p>\r\n<p><span style=\"font-family: verdana, geneva, sans-serif;\">\r\n\r\n<\/span><\/p>\r\n<p class=\"has-black-color has-text-color\"><span style=\"font-family: verdana, geneva, sans-serif;\"><a href=\"https:\/\/simonyi.kre.hu\/wp-content\/uploads\/2025\/05\/simonyi_2025_programfuzet.pdf\" target=\"_blank\" rel=\"noreferrer noopener\"><strong>Programf\u00fczet<\/strong> <\/a><\/span><br \/><span style=\"font-family: verdana, geneva, sans-serif;\">A program online is k\u00f6vethet\u0151.<\/span><\/p>\r\n<p><span style=\"font-family: verdana, geneva, sans-serif;\">\r\n\r\n<\/span><\/p>\r\n<p class=\"has-text-align-center\"><span style=\"font-family: verdana, geneva, sans-serif;\">&#8211; &#8211; &#8211; &#8211; o &#8211; &#8211; &#8211; &#8211;<\/span><\/p>\r\n<p><span style=\"font-family: verdana, geneva, sans-serif;\">\r\n\r\n<\/span><\/p>\r\n<p class=\"has-medium-font-size\"><span style=\"font-family: verdana, geneva, sans-serif;\"><strong>A 2. fordul\u00f3 eredm\u00e9nyei<\/strong><\/span><\/p>\r\n<p><span style=\"font-family: verdana, geneva, sans-serif;\">\r\n\r\n<\/span><\/p>\r\n<p><span style=\"font-family: verdana, geneva, sans-serif;\">Megsz\u00fclettek a magyarorsz\u00e1gi, a felvid\u00e9ki, a k\u00e1rp\u00e1taljai \u00e9s a vajdas\u00e1gi iskol\u00e1knak rendezett m\u00e1sodik versenyfordul\u00f3 v\u00e9gleges eredm\u00e9nyei. <\/span><br \/><span style=\"font-family: verdana, geneva, sans-serif;\">A versenyre 1071 int\u00e9zm\u00e9nyb\u0151l 6 385 tanul\u00f3 jutott be. K\u00f6z\u00fcl\u00fck 6 108 f\u0151 vett r\u00e9szt a 2. fordul\u00f3ban.<\/span><\/p>\r\n<p><span style=\"font-family: verdana, geneva, sans-serif;\">\r\n\r\n<\/span><\/p>\r\n<p><span style=\"font-family: verdana, geneva, sans-serif;\">Sz\u00edvb\u0151l gratul\u00e1lunk minden versenyz\u0151nek \u00e9s felk\u00e9sz\u00edt\u0151 tan\u00e1r\u00e1nak!<\/span><\/p>\r\n<p><span style=\"font-family: verdana, geneva, sans-serif;\">\r\n\r\n<\/span><\/p>\r\n<p><span style=\"font-family: verdana, geneva, sans-serif;\"><strong>5. \u00e9vfolyam<\/strong><\/span><\/p>\r\n<p><span style=\"font-family: verdana, geneva, sans-serif;\">\r\n\r\n<\/span><\/p>\r\n<p><span style=\"font-family: verdana, geneva, sans-serif;\">L\u00e9tsz\u00e1m: 1790 f\u0151<\/span><br \/><span style=\"font-family: verdana, geneva, sans-serif;\">\u00c1tlag: 82,39 pont<\/span><br \/><span style=\"font-family: verdana, geneva, sans-serif;\">Legjobb: 99,5 pont<\/span><br \/><span style=\"font-family: verdana, geneva, sans-serif;\">Legjobbak 95 pont f\u00f6l\u00f6tt: 39 f\u0151<\/span><br \/><span style=\"font-family: verdana, geneva, sans-serif;\">Legjobbak 90\u201395 pont k\u00f6z\u00f6tt: 238 f\u0151<\/span><br \/><span style=\"font-family: verdana, geneva, sans-serif;\">Legjobbak 85\u201390 pont k\u00f6z\u00f6tt: 424 f\u0151<\/span><br \/><span style=\"font-family: verdana, geneva, sans-serif;\">Tov\u00e1bbjut\u00f3k \u00e1tlaga: 96,44 pont<\/span><\/p>\r\n<p><span style=\"font-family: verdana, geneva, sans-serif;\">\r\n\r\n<\/span><\/p>\r\n<p class=\"has-normal-font-size\"><span style=\"font-family: verdana, geneva, sans-serif;\"><strong>6. \u00e9vfolyam<\/strong><\/span><\/p>\r\n<p><span style=\"font-family: verdana, geneva, sans-serif;\">\r\n\r\n<\/span><\/p>\r\n<p><span style=\"font-family: verdana, geneva, sans-serif;\">L\u00e9tsz\u00e1m: 1666 f\u0151<\/span><br \/><span style=\"font-family: verdana, geneva, sans-serif;\">\u00c1tlag: 74,34 pont<\/span><br \/><span style=\"font-family: verdana, geneva, sans-serif;\">Legjobb: 99,25 pont<\/span><br \/><span style=\"font-family: verdana, geneva, sans-serif;\">Legjobbak 95 pont f\u00f6l\u00f6tt: 12 f\u0151<\/span><br \/><span style=\"font-family: verdana, geneva, sans-serif;\">Legjobbak 90\u201395 pont k\u00f6z\u00f6tt: 49 f\u0151<\/span><br \/><span style=\"font-family: verdana, geneva, sans-serif;\">Legjobbak 85\u201390 pont k\u00f6z\u00f6tt: 128 f\u0151<\/span><br \/><span style=\"font-family: verdana, geneva, sans-serif;\">Tov\u00e1bbjut\u00f3k \u00e1tlaga: 92,75 pont<\/span><\/p>\r\n<p><span style=\"font-family: verdana, geneva, sans-serif;\">\r\n\r\n<\/span><\/p>\r\n<p><span style=\"font-family: verdana, geneva, sans-serif;\"><strong>7. \u00e9vfolyam<\/strong><\/span><\/p>\r\n<p><span style=\"font-family: verdana, geneva, sans-serif;\">\r\n\r\n<\/span><\/p>\r\n<p><span style=\"font-family: verdana, geneva, sans-serif;\">L\u00e9tsz\u00e1m: 1448 f\u0151<\/span><br \/><span style=\"font-family: verdana, geneva, sans-serif;\">\u00c1tlag: 72,58 pont<\/span><br \/><span style=\"font-family: verdana, geneva, sans-serif;\">Legjobb: 99,67 pont<\/span><br \/><span style=\"font-family: verdana, geneva, sans-serif;\">Legjobbak 95 pont f\u00f6l\u00f6tt: 22 f\u0151<\/span><br \/><span style=\"font-family: verdana, geneva, sans-serif;\">Legjobbak 90\u201395 pont k\u00f6z\u00f6tt: 58 f\u0151<\/span><br \/><span style=\"font-family: verdana, geneva, sans-serif;\">Legjobbak 85\u201390 pont k\u00f6z\u00f6tt: 130 f\u0151<\/span><br \/><span style=\"font-family: verdana, geneva, sans-serif;\">Tov\u00e1bbjut\u00f3k \u00e1tlaga: 94,77 pont<\/span><\/p>\r\n<p><span style=\"font-family: verdana, geneva, sans-serif;\">\r\n\r\n<\/span><\/p>\r\n<p><span style=\"font-family: verdana, geneva, sans-serif;\"><strong>8. \u00e9vfolyam<\/strong><\/span><\/p>\r\n<p><span style=\"font-family: verdana, geneva, sans-serif;\">\r\n\r\n<\/span><\/p>\r\n<p><span style=\"font-family: verdana, geneva, sans-serif;\">L\u00e9tsz\u00e1m: 1204 f\u0151<\/span><br \/><span style=\"font-family: verdana, geneva, sans-serif;\">\u00c1tlag: 65,5 pont<\/span><br \/><span style=\"font-family: verdana, geneva, sans-serif;\">Legjobb: 98,0 pont<\/span><br \/><span style=\"font-family: verdana, geneva, sans-serif;\">Legjobbak 95 pont f\u00f6l\u00f6tt: 8 f\u0151<\/span><br \/><span style=\"font-family: verdana, geneva, sans-serif;\">Legjobbak 90\u201395 pont k\u00f6z\u00f6tt: 13 f\u0151<\/span><br \/><span style=\"font-family: verdana, geneva, sans-serif;\">Legjobbak 85\u201390 pont k\u00f6z\u00f6tt: 40 f\u0151<\/span><br \/><span style=\"font-family: verdana, geneva, sans-serif;\">Tov\u00e1bbjut\u00f3k \u00e1tlaga: 89,16 pont<\/span><\/p>\r\n<p><span style=\"font-family: verdana, geneva, sans-serif;\">\r\n\r\n<\/span><\/p>\r\n<p><span style=\"font-family: verdana, geneva, sans-serif;\">A versenyz\u0151k szem\u00e9ly szerint el\u00e9rt eredm\u00e9ny\u00e9t, illetve a d\u00f6nt\u0151be jutott versenyz\u0151ket minden int\u00e9zm\u00e9ny, illetve iskolai kapcsolattart\u00f3 megkapta \u00edm\u00e9lben.<\/span><\/p>\r\n<p><span style=\"font-family: verdana, geneva, sans-serif;\">\r\n\r\n<\/span><\/p>\r\n<p class=\"has-text-align-center\"><span style=\"font-family: verdana, geneva, sans-serif;\">&#8211; &#8211; &#8211; &#8211; o &#8211; &#8211; &#8211; &#8211;<\/span><\/p>\r\n<p><span style=\"font-family: verdana, geneva, sans-serif;\">\r\n\r\n<\/span><\/p>\r\n<p class=\"has-medium-font-size\"><span style=\"font-family: verdana, geneva, sans-serif;\"><strong>A verseny 2. fordul\u00f3j\u00e1nak id\u0151pontja<\/strong><\/span><\/p>\r\n<p><span style=\"font-family: verdana, geneva, sans-serif;\">\r\n\r\n<\/span><\/p>\r\n<p><span style=\"font-family: verdana, geneva, sans-serif;\"><strong>5\u20138. \u00e9vfolyam: 2025. m\u00e1rcius 24. (h\u00e9tf\u0151) magyarorsz\u00e1gi id\u0151 szerint 14:00\u201316:00 \u00f3ra k\u00f6z\u00f6tt <\/strong><\/span><\/p>\r\n<p><span style=\"font-family: verdana, geneva, sans-serif;\">\r\n\r\n<\/span><\/p>\r\n<p><span style=\"font-family: verdana, geneva, sans-serif;\">A versenyfel\u00fcletet a kezd\u00e9s el\u0151tt 30 perccel kor\u00e1bban nyitjuk meg, \u00e9s 15 perccel a befejez\u00e9s ut\u00e1n z\u00e1rjuk be.<\/span><\/p>\r\n<p><span style=\"font-family: verdana, geneva, sans-serif;\">\r\n\r\n<\/span><\/p>\r\n<p><span style=\"font-family: verdana, geneva, sans-serif;\">Helysz\u00edn: a versenyz\u0151 saj\u00e1t iskol\u00e1ja.<\/span><\/p>\r\n<p><span style=\"font-family: verdana, geneva, sans-serif;\">\r\n\r\n<\/span><\/p>\r\n<p><span style=\"font-family: verdana, geneva, sans-serif;\">A versenyfel\u00fclet csak pontosan be\u00edrt adatokkal nyithat\u00f3 meg, a szerver el\u00e9rhet\u0151s\u00e9ge \u00e9s a bel\u00e9p\u00e9si adatok (felhaszn\u00e1l\u00f3n\u00e9v \u00e9s jelsz\u00f3) v\u00e1ltozatlanok minden versenyz\u0151 sz\u00e1m\u00e1ra.<\/span><\/p>\r\n<p><span style=\"font-family: verdana, geneva, sans-serif;\">\r\n\r\n<\/span><\/p>\r\n<p><span style=\"font-family: verdana, geneva, sans-serif;\">Feladatlapok megtekint\u00e9se: m\u00e1rcius 25. (kedd) 14:00\u201316:00 \u00f3ra. <\/span><br \/><span style=\"font-family: verdana, geneva, sans-serif;\">A jav\u00edt\u00e1ssal kapcsolatos \u00e9szrev\u00e9teleiket m\u00e1rcius 27-ig (cs\u00fct\u00f6rt\u00f6k) v\u00e1rjuk a <a href=\"mailto:pk.simonyi-verseny@kre.hu\">pk.simonyi-verseny@kre.hu<\/a> c\u00edmen.<\/span><\/p>\r\n<p><span style=\"font-family: verdana, geneva, sans-serif;\">\r\n\r\n<\/span><\/p>\r\n<p class=\"has-text-align-center\"><span style=\"font-family: verdana, geneva, sans-serif;\">&#8211; &#8211; &#8211; &#8211; o &#8211; &#8211; &#8211; &#8211;<\/span><\/p>\r\n<p><span style=\"font-family: verdana, geneva, sans-serif;\">\r\n\r\n<\/span><\/p>\r\n<p class=\"has-medium-font-size\"><span style=\"font-family: verdana, geneva, sans-serif;\"><strong>Az 1. fordul\u00f3 eredm\u00e9nyei<\/strong><\/span><\/p>\r\n<p><span style=\"font-family: verdana, geneva, sans-serif;\">\r\n\r\n<\/span><\/p>\r\n<p><span style=\"font-family: verdana, geneva, sans-serif;\">Megsz\u00fclettek a magyarorsz\u00e1gi, a felvid\u00e9ki, a k\u00e1rp\u00e1taljai \u00e9s a vajdas\u00e1gi iskol\u00e1knak rendezett versenyfordul\u00f3 v\u00e9gleges eredm\u00e9nyei. A versenyre 1200 int\u00e9zm\u00e9nyb\u0151l 25 027 tanul\u00f3 jelentkezett. Az els\u0151 fordul\u00f3ban 18 913 f\u0151 vett r\u00e9szt.<\/span><\/p>\r\n<p><span style=\"font-family: verdana, geneva, sans-serif;\">\r\n\r\n<\/span><\/p>\r\n<p><span style=\"font-family: verdana, geneva, sans-serif;\">Versenyszab\u00e1lyzatunk \u00e9rtelm\u00e9ben a k\u00f6vetkez\u0151 fordul\u00f3ra az 1. fordul\u00f3 legjobbjai juthatnak tov\u00e1bb. Ez jelen esetben a versenyz\u0151k k\u00f6zel 1\/3-\u00e1t jelenti a tervezett 25% helyett. Az els\u0151 fordul\u00f3ban r\u00e9szt vett k\u00f6zel <\/span><br \/><span style=\"font-family: verdana, geneva, sans-serif;\">19 000 tanul\u00f3 k\u00f6z\u00fcl 6385 versenyz\u0151 folytathatja a versenyt.<\/span><br \/><br \/><span style=\"font-family: verdana, geneva, sans-serif;\">Sz\u00edvb\u0151l gratul\u00e1lunk minden versenyz\u0151nek \u00e9s felk\u00e9sz\u00edt\u0151 tan\u00e1r\u00e1nak!<\/span><\/p>\r\n<p><span style=\"font-family: verdana, geneva, sans-serif;\">\r\n\r\n<\/span><\/p>\r\n<p><span style=\"font-family: verdana, geneva, sans-serif;\"><strong>5. \u00e9vfolyam<\/strong><\/span><\/p>\r\n<p><span style=\"font-family: verdana, geneva, sans-serif;\">\r\n\r\n<\/span><\/p>\r\n<p><span style=\"font-family: verdana, geneva, sans-serif;\">L\u00e9tsz\u00e1m: 5502 f\u0151<\/span><br \/><span style=\"font-family: verdana, geneva, sans-serif;\">\u00c1tlag: 71,90 pont<\/span><br \/><span style=\"font-family: verdana, geneva, sans-serif;\">Legjobb: 100,0 pont<\/span><br \/><span style=\"font-family: verdana, geneva, sans-serif;\">Legjobbak 90 pont f\u00f6l\u00f6tt: 415 f\u0151<\/span><br \/><span style=\"font-family: verdana, geneva, sans-serif;\">Legjobbak 80\u201390 pont k\u00f6z\u00f6tt: 1171 f\u0151<\/span><br \/><span style=\"font-family: verdana, geneva, sans-serif;\">Tov\u00e1bbjut\u00f3k \u00e1tlaga: 77,52 pont<\/span><\/p>\r\n<p><span style=\"font-family: verdana, geneva, sans-serif;\">\r\n\r\n<\/span><\/p>\r\n<p class=\"has-normal-font-size\"><span style=\"font-family: verdana, geneva, sans-serif;\"><strong>6. \u00e9vfolyam<\/strong><\/span><\/p>\r\n<p><span style=\"font-family: verdana, geneva, sans-serif;\">\r\n\r\n<\/span><\/p>\r\n<p><span style=\"font-family: verdana, geneva, sans-serif;\">L\u00e9tsz\u00e1m: 4979 f\u0151<\/span><br \/><span style=\"font-family: verdana, geneva, sans-serif;\">\u00c1tlag: 70,22 pont<\/span><br \/><span style=\"font-family: verdana, geneva, sans-serif;\">Legjobb: 100,0 pont<\/span><br \/><span style=\"font-family: verdana, geneva, sans-serif;\">Legjobbak 90 pont f\u00f6l\u00f6tt: 321 f\u0151<\/span><br \/><span style=\"font-family: verdana, geneva, sans-serif;\">Legjobbak 80\u201390 pont k\u00f6z\u00f6tt: 942 f\u0151<\/span><br \/><span style=\"font-family: verdana, geneva, sans-serif;\">Tov\u00e1bbjut\u00f3k \u00e1tlaga: 75,66 pont<\/span><\/p>\r\n<p><span style=\"font-family: verdana, geneva, sans-serif;\">\r\n\r\n<\/span><\/p>\r\n<p><span style=\"font-family: verdana, geneva, sans-serif;\"><strong>7. \u00e9vfolyam<\/strong><\/span><\/p>\r\n<p><span style=\"font-family: verdana, geneva, sans-serif;\">\r\n\r\n<\/span><\/p>\r\n<p><span style=\"font-family: verdana, geneva, sans-serif;\">L\u00e9tsz\u00e1m: 4705 f\u0151<\/span><br \/><span style=\"font-family: verdana, geneva, sans-serif;\">\u00c1tlag: 65,89 pont<\/span><br \/><span style=\"font-family: verdana, geneva, sans-serif;\">Legjobb: 99,0 pont<\/span><br \/><span style=\"font-family: verdana, geneva, sans-serif;\">Legjobbak 90 pont f\u00f6l\u00f6tt: 165 f\u0151<\/span><br \/><span style=\"font-family: verdana, geneva, sans-serif;\">Legjobbak 80\u201390 pont k\u00f6z\u00f6tt: 626 f\u0151<\/span><br \/><span style=\"font-family: verdana, geneva, sans-serif;\">Tov\u00e1bbjut\u00f3k \u00e1tlaga: 72,79 pont<\/span><\/p>\r\n<p><span style=\"font-family: verdana, geneva, sans-serif;\">\r\n\r\n<\/span><\/p>\r\n<p><span style=\"font-family: verdana, geneva, sans-serif;\"><strong>8. \u00e9vfolyam<\/strong><\/span><\/p>\r\n<p><span style=\"font-family: verdana, geneva, sans-serif;\">\r\n\r\n<\/span><\/p>\r\n<p><span style=\"font-family: verdana, geneva, sans-serif;\">L\u00e9tsz\u00e1m: 3727 f\u0151<\/span><br \/><span style=\"font-family: verdana, geneva, sans-serif;\">\u00c1tlag: 60,91 pont<\/span><br \/><span style=\"font-family: verdana, geneva, sans-serif;\">Legjobb: 100,0 pont<\/span><br \/><span style=\"font-family: verdana, geneva, sans-serif;\">Legjobbak 90 pont f\u00f6l\u00f6tt: 53 f\u0151<\/span><br \/><span style=\"font-family: verdana, geneva, sans-serif;\">Legjobbak 80\u201390 pont k\u00f6z\u00f6tt: 268 f\u0151<\/span><br \/><span style=\"font-family: verdana, geneva, sans-serif;\">Tov\u00e1bbjut\u00f3k \u00e1tlaga: 66,81 pont<\/span><\/p>\r\n<p><span style=\"font-family: verdana, geneva, sans-serif;\">\r\n\r\n<\/span><\/p>\r\n<p><span style=\"font-family: verdana, geneva, sans-serif;\">A versenyz\u0151k szem\u00e9ly szerint el\u00e9rt eredm\u00e9ny\u00e9t minden int\u00e9zm\u00e9ny, illetve iskolai kapcsolattart\u00f3 megkapta \u00edm\u00e9lben, amely a tov\u00e1bbjut\u00f3kat is tartalmazta.<\/span><\/p>\r\n<p><span style=\"font-family: verdana, geneva, sans-serif;\">\r\n\r\n<\/span><\/p>\r\n<p class=\"has-text-align-center\"><span style=\"font-family: verdana, geneva, sans-serif;\">&#8211; &#8211; &#8211; &#8211; o &#8211; &#8211; &#8211; &#8211;<\/span><\/p>\r\n<p><span style=\"font-family: verdana, geneva, sans-serif;\">\r\n\r\n<\/span><\/p>\r\n<p><span style=\"font-family: verdana, geneva, sans-serif;\">A verseny 1. fordul\u00f3ja lez\u00e1rult. A versenyz\u0151k 2025. febru\u00e1r 26-\u00e1n \u00e9s 27-\u00e9n, valamint a p\u00f3tnapon m\u00e1rcius 3-\u00e1n t\u00f6lthett\u00e9k ki a feladatlapokat. A megold\u00e1sok megtekint\u00e9s\u00e9re m\u00e1rcius 4\u20135. (kedd-szerda) 14:00\u201316:00 \u00f3ra k\u00f6z\u00f6tt van lehet\u0151s\u00e9g. A jav\u00edt\u00e1ssal kapcsolatos \u00e9szrev\u00e9teleket m\u00e1rcius 7-ig (p\u00e9ntek) v\u00e1rjuk a <a href=\"mailto:pk.simonyi-verseny@kre.hu\">pk.simonyi-verseny@kre.hu<\/a> c\u00edmen.<\/span><\/p>\r\n<p><span style=\"font-family: verdana, geneva, sans-serif;\">\r\n\r\n<\/span><\/p>\r\n<p class=\"has-text-align-center\"><span style=\"font-family: verdana, geneva, sans-serif;\">&#8211; &#8211; &#8211; &#8211; o &#8211; &#8211; &#8211; &#8211;<\/span><\/p>\r\n<p><span style=\"font-family: verdana, geneva, sans-serif;\">\r\n\r\n<\/span><\/p>\r\n<p><span style=\"font-family: verdana, geneva, sans-serif;\">A XXVIII. Simonyi Zsigmond K\u00e1rp\u00e1t-medencei\u00a0helyes\u00edr\u00e1si\u00a0versenyre lez\u00e1rult a jelentkez\u00e9s.<\/span><\/p>\r\n<p><span style=\"font-family: verdana, geneva, sans-serif;\">\r\n\r\n<\/span><\/p>\r\n<p><span style=\"font-family: verdana, geneva, sans-serif;\">A nevez\u0151 int\u00e9zm\u00e9nyek sz\u00e1ma:\u00a01200 iskola. <\/span><br \/><span style=\"font-family: verdana, geneva, sans-serif;\">A nevezett tanul\u00f3k sz\u00e1ma:\u00a0 25 027 f\u0151.<\/span><\/p>\r\n<p><span style=\"font-family: verdana, geneva, sans-serif;\">\r\n\r\n<\/span><\/p>\r\n<p><span style=\"font-family: verdana, geneva, sans-serif;\">A szervez\u0151k 2025. febru\u00e1r\u00a0 13-\u00e1n az immm\u00e1r hagyom\u00e1nny\u00e1 v\u00e1lt tov\u00e1bbk\u00e9pz\u00e9s keret\u00e9ben <em>Simonyi a weben <\/em>c\u00edmmel tartanak t\u00e1j\u00e9koztat\u00f3 el\u0151ad\u00e1st a versennyel kapcsolatos tudnival\u00f3kr\u00f3l \u00e9s a digit\u00e1lis versenyz\u00e9s kih\u00edv\u00e1sair\u00f3l. Az el\u0151ad\u00e1sr\u00f3l k\u00e9sz\u00fclt felv\u00e9tel a <a href=\"https:\/\/simonyi.kre.hu\/?p=1277\" target=\"_blank\" rel=\"noreferrer noopener\">Tov\u00e1bbk\u00e9pz\u00e9s <\/a>men\u00fcpontban lesz el\u00e9rhet\u0151.<\/span><\/p>\r\n<p><span style=\"font-family: verdana, geneva, sans-serif;\">\r\n\r\n<\/span><\/p>\r\n<p><span style=\"font-family: verdana, geneva, sans-serif;\">2025. febru\u00e1r 19-\u00e9n \u00e9s 20-\u00e1n magyarorsz\u00e1gi id\u0151 szerint 14:00 \u00e9s 16:00 \u00f3ra k\u00f6z\u00f6tt gyakorl\u00e1si lehet\u0151s\u00e9get biztos\u00edtunk a versenyz\u0151 di\u00e1koknak a verseny digit\u00e1lis platformj\u00e1n.<\/span><\/p>\r\n<p><span style=\"font-family: verdana, geneva, sans-serif;\">\r\n\r\n<\/span><\/p>\r\n<p><span style=\"font-family: verdana, geneva, sans-serif;\">A verseny 1. fordul\u00f3ja 2025. febru\u00e1r 26-\u00e1n \u00e9s 27-\u00e9n zajlik.<\/span><\/p>\r\n<p><span style=\"font-family: verdana, geneva, sans-serif;\">\r\n\r\n<\/span><\/p>\r\n<p><span style=\"font-family: verdana, geneva, sans-serif;\">A felvid\u00e9ki iskol\u00e1k sz\u00e1m\u00e1ra a versenynap: 2025. m\u00e1rcius 11. (kedd).<\/span><\/p>\r\n<p><span style=\"font-family: verdana, geneva, sans-serif;\">\r\n\r\n<\/span><\/p>\r\n<p><span style=\"font-family: verdana, geneva, sans-serif;\">A r\u00e9szletekr\u0151l \u00edm\u00e9lben kaptak a nevez\u0151 int\u00e9zm\u00e9nyek \u00e9s a kapcsolattart\u00f3 koll\u00e9g\u00e1k t\u00e1j\u00e9koztat\u00e1st.<\/span><\/p>\r\n<p><span style=\"font-family: verdana, geneva, sans-serif;\">\r\n\r\n<\/span><\/p>\r\n<p class=\"has-text-align-left\"><span style=\"font-family: verdana, geneva, sans-serif;\">B\u00e1rmilyen k\u00e9rd\u00e9s, regisztr\u00e1ci\u00f3val kapcsolatos probl\u00e9ma eset\u00e9n \u00edm\u00e9lben forduljanak a szervez\u0151kh\u00f6z!<\/span><\/p>\r\n<p><span style=\"font-family: verdana, geneva, sans-serif;\">\r\n\r\n<\/span><\/p>\r\n<p class=\"has-text-align-center\"><span style=\"font-family: verdana, geneva, sans-serif;\">&#8211; &#8211; &#8211; &#8211; o &#8211; &#8211; &#8211; &#8211;<\/span><\/p>\r\n<p><span style=\"font-family: verdana, geneva, sans-serif;\">\r\n\r\n<\/span><\/p>\r\n<p class=\"has-text-align-center has-medium-font-size\"><span style=\"font-family: verdana, geneva, sans-serif;\"><strong>A XXVIII. Simonyi-verseny<\/strong><\/span><\/p>\r\n<p><span style=\"font-family: verdana, geneva, sans-serif;\">\r\n\r\n<\/span><\/p>\r\n<p><span style=\"font-family: verdana, geneva, sans-serif;\">Tisztelt Koll\u00e9g\u00e1k! Tisztelt \u00c9rdekl\u0151d\u0151k! Kedves Di\u00e1kok!<\/span><\/p>\r\n<p><span style=\"font-family: verdana, geneva, sans-serif;\">\r\n\r\n<\/span><\/p>\r\n<p><span style=\"font-family: verdana, geneva, sans-serif;\">Honlapunk <a href=\"https:\/\/simonyi.kre.hu\/wp-content\/uploads\/2024\/11\/Simonyi_versenykiiras_2024-2025.pdf\" target=\"_blank\" rel=\"noreferrer noopener\">Versenyki\u00edr\u00e1s <\/a>men\u00fcpontj\u00e1ban olvashat\u00f3k a 2024\/25. tan\u00e9vi verseny r\u00e9szletei, \u00edgy az egyes fordul\u00f3k id\u0151pontjai is.<\/span><\/p>\r\n<p><span style=\"font-family: verdana, geneva, sans-serif;\">\r\n\r\n<\/span><\/p>\r\n<p><span style=\"font-family: verdana, geneva, sans-serif;\"><strong>A <a href=\"https:\/\/simonyi.kre.hu\/?page_id=2475\" target=\"_blank\" rel=\"noreferrer noopener\" data-type=\"page\" data-id=\"2475\">regisztr\u00e1ci\u00f3 <\/a>2024. november 11-\u00e9n kezd\u0151dik, \u00e9s 2025. janu\u00e1r 20-ig tart.<\/strong> Ezt k\u00f6vet\u0151en vessz\u00fck fel int\u00e9zm\u00e9ny\u00fckkel \u00e9s az int\u00e9zm\u00e9nyt k\u00e9pvisel\u0151 versenyszervez\u0151 koll\u00e9g\u00e1val \u00edm\u00e9lben a kapcsolatot.<\/span><\/p>\r\n<p><span style=\"font-family: verdana, geneva, sans-serif;\">\r\n\r\n<\/span><\/p>\r\n<p><span style=\"font-family: verdana, geneva, sans-serif;\">Ne feledkezzenek meg az adatv\u00e9delmi hozz\u00e1j\u00e1rul\u00f3 nyilatkozatok kit\u00f6lt\u00e9s\u00e9r\u0151l \u00e9s meg\u0151rz\u00e9s\u00e9r\u0151l! A tudnival\u00f3kr\u00f3l b\u0151vebben a Regisztr\u00e1ci\u00f3 2024\/25 oldalon az Adatv\u00e9delem\/<a href=\"https:\/\/simonyi.kre.hu\/wp-content\/uploads\/2023\/10\/informacio_adatvedelem_2023-24.pdf\" target=\"_blank\" rel=\"noreferrer noopener\">Inform\u00e1ci\u00f3 <\/a>alatt olvashatnak.<\/span><\/p>\r\n<p><span style=\"font-family: verdana, geneva, sans-serif;\">\r\n\r\n<\/span><\/p>\r\n<p><span style=\"font-family: verdana, geneva, sans-serif;\">V\u00e1rjuk megtisztel\u0151 jelentkez\u00e9s\u00fcket!<\/span><\/p>\r\n<p><span style=\"font-family: verdana, geneva, sans-serif;\">\r\n\r\n<\/span><\/p>\r\n<p class=\"has-vivid-red-color has-text-color has-link-color wp-elements-c45ec6e06376d33f7cebb1baa7b39420\" style=\"font-style: normal; font-weight: 600;\"><span style=\"font-family: verdana, geneva, sans-serif;\"><mark class=\"has-inline-color has-vivid-red-color\" style=\"background-color: rgba(0, 0, 0, 0);\"><strong>Online szakmai megnyit\u00f3 december 11-\u00e9n<\/strong>.<br \/><\/mark><a href=\"https:\/\/simonyi.kre.hu\/wp-content\/uploads\/2024\/12\/Simonyi_indulo_Meghivo_2024_2025.pdf\"><mark class=\"has-inline-color has-vivid-red-color\" style=\"background-color: rgba(0, 0, 0, 0);\"><strong>Megh\u00edv\u00f3<\/strong> <\/mark><\/a><\/span><br \/><span style=\"font-family: verdana, geneva, sans-serif;\"><a href=\"https:\/\/simonyi.kre.hu\/wp-content\/uploads\/2024\/12\/simonyi_indulo_2025.mp4\" target=\"_blank\" rel=\"noreferrer noopener\">Felv\u00e9tel lej\u00e1tsz\u00e1sa<\/a><\/span><\/p>\r\n<p><span style=\"font-family: verdana, geneva, sans-serif;\">\r\n\r\n<\/span><\/p>\r\n<p class=\"has-text-align-center\"><span style=\"font-family: verdana, geneva, sans-serif;\">&#8211; &#8211; &#8211; &#8211; o &#8211; &#8211; &#8211; &#8211;<\/span><\/p>\r\n<p><span style=\"font-family: verdana, geneva, sans-serif;\">\r\n\r\n<\/span><\/p>\r\n<p class=\"has-text-align-center has-medium-font-size\">\u00a0<\/p>\r\n<p><span style=\"font-family: verdana, geneva, sans-serif;\">\r\n\r\n<\/span><\/p>\r\n<p class=\"has-text-align-center has-medium-font-size\"><span style=\"font-family: verdana, geneva, sans-serif;\"><strong>Mi t\u00f6rt\u00e9nt a 2023\/24. tan\u00e9vben?<\/strong><\/span><\/p>\r\n<p><span style=\"font-family: verdana, geneva, sans-serif;\">\r\n\r\n<\/span><\/p>\r\n<p><span style=\"font-family: verdana, geneva, sans-serif;\">Az \u00e9v esem\u00e9nyei olvashat\u00f3k a verseny szervez\u00e9s\u00e9t \u00e9s megrendez\u00e9s\u00e9t \u00f6sszefoglal\u00f3 <strong><a href=\"https:\/\/simonyi.kre.hu\/wp-content\/uploads\/2024\/09\/szakmai_beszamolo_2023-24.pdf\" target=\"_blank\" rel=\"noreferrer noopener\">szakmai besz\u00e1mol\u00f3ban<\/a><\/strong>.<\/span><\/p>\r\n<p><span style=\"font-family: verdana, geneva, sans-serif;\">\r\n\r\n<\/span><\/p>\r\n<p><span style=\"font-family: verdana, geneva, sans-serif;\">A d\u00f6nt\u0151r\u0151l k\u00e9sz\u00fclt k\u00e9panyag \u00e9s kisfilm a <a href=\"https:\/\/simonyi.kre.hu\/?p=102\" target=\"_blank\" rel=\"noreferrer noopener\"><strong>Gal\u00e9ri\u00e1ban<\/strong> <\/a>tekinthet\u0151 meg.<\/span><\/p>\r\n<p><span style=\"font-family: verdana, geneva, sans-serif;\">\r\n\r\n<\/span><\/p>\r\n<p id=\"block-a46eb818-e8e5-4fc4-b4b2-784c240223e7\" class=\"has-text-align-center has-normal-font-size\"><span style=\"font-family: verdana, geneva, sans-serif;\"><strong><br \/><\/strong> &#8211; &#8211; &#8211; &#8211; o &#8211; &#8211; &#8211; &#8211;<\/span><\/p>\r\n<p><span style=\"font-family: verdana, geneva, sans-serif;\">\r\n\r\n<\/span><\/p>\r\n<p class=\"has-text-align-center has-medium-font-size\"><span style=\"font-family: verdana, geneva, sans-serif;\"><strong>XXVII. Simonyi Zsigmond K\u00e1rp\u00e1t-medencei <\/strong><\/span><br \/><span style=\"font-family: verdana, geneva, sans-serif;\"><strong>helyes\u00edr\u00e1si verseny <\/strong><\/span><br \/><span style=\"font-family: verdana, geneva, sans-serif;\"><strong>D\u00f6nt\u0151<\/strong><\/span><br \/><span style=\"font-family: verdana, geneva, sans-serif;\">Id\u0151pont: 2024. m\u00e1jus 25. (szombat)<\/span><\/p>\r\n<p><span style=\"font-family: verdana, geneva, sans-serif;\">\r\n\r\n<\/span><\/p>\r\n<p class=\"has-text-align-left\" style=\"font-size: 19px;\"><br \/><span style=\"font-family: verdana, geneva, sans-serif;\"><strong>A d\u00f6nt\u0151 eredm\u00e9nyei<\/strong><\/span><\/p>\r\n<p><span style=\"font-family: verdana, geneva, sans-serif;\">\r\n\r\n<\/span><\/p>\r\n<p class=\"has-normal-font-size\"><span style=\"font-family: verdana, geneva, sans-serif;\">5. \u00e9vfolyam \u00e1tlaga: 81,32%, 1\u201310. helyezett \u00e1tlaga: 93,48%, legmagasabb pontsz\u00e1m: 98,4 pont<\/span><br \/><span style=\"font-family: verdana, geneva, sans-serif;\">6. \u00e9vfolyam \u00e1tlaga: 83,96%, 1\u201310. helyezett \u00e1tlaga: 95,15%, legmagasabb pontsz\u00e1m: 99,0 pont<\/span><br \/><span style=\"font-family: verdana, geneva, sans-serif;\">7. \u00e9vfolyam \u00e1tlaga: 82,02%, 1\u201310. helyezett \u00e1tlaga: 94,51%, legmagasabb pontsz\u00e1m: 98,69 pont<\/span><br \/><span style=\"font-family: verdana, geneva, sans-serif;\">8. \u00e9vfolyam \u00e1tlaga: 81,79%, 1\u201310. helyezett \u00e1tlaga: 92,15%, legmagasabb pontsz\u00e1m: 99,0 pont<\/span><br \/><br \/><span style=\"font-family: verdana, geneva, sans-serif;\">A versenyz\u0151k d\u00f6nt\u0151ben el\u00e9rt eredm\u00e9ny\u00e9r\u0151l minden versenyz\u0151 int\u00e9zm\u00e9nye, illetve kapcsolattart\u00f3 tan\u00e1ra \u00edm\u00e9lben kap t\u00e1j\u00e9koztat\u00e1st. <\/span><br \/><span style=\"font-family: verdana, geneva, sans-serif;\">A verseny eredm\u00e9nyeir\u0151l b\u0151vebb inform\u00e1ci\u00f3 az <strong>Eredm\u00e9nyek <\/strong>men\u00fcpontban tal\u00e1lhat\u00f3.<\/span><\/p>\r\n<p><span style=\"font-family: verdana, geneva, sans-serif;\">\r\n\r\n<\/span><\/p>\r\n<p><span style=\"font-family: verdana, geneva, sans-serif;\"><strong>A 2023\/24-es tan\u00e9v kit\u00fcntetettjei<\/strong><\/span><\/p>\r\n<p><span style=\"font-family: verdana, geneva, sans-serif;\">\r\n\r\n<\/span><\/p>\r\n<p><span style=\"font-family: verdana, geneva, sans-serif;\"><strong>Simonyi Zsigmond-\u00e9rem<\/strong> kit\u00fcntet\u00e9sben r\u00e9szes\u00fclnek kiv\u00e1l\u00f3 munk\u00e1juk\u00e9rt:<\/span><\/p>\r\n<p><span style=\"font-family: verdana, geneva, sans-serif;\">\r\n\r\n<\/span><\/p>\r\n<p><span style=\"font-family: verdana, geneva, sans-serif;\"><strong><strong>Dr. Juh\u00e1sz Dezs\u0151<\/strong><\/strong> (<a href=\"https:\/\/simonyi.kre.hu\/wp-content\/uploads\/2024\/05\/Juhasz-Dezso.pdf\" target=\"_blank\" rel=\"noreferrer noopener\">laud\u00e1ci\u00f3<\/a>)<\/span><\/p>\r\n<p><span style=\"font-family: verdana, geneva, sans-serif;\">\r\n\r\n<\/span><\/p>\r\n<p class=\"has-normal-font-size\"><span style=\"font-family: verdana, geneva, sans-serif;\"><strong>Ill\u00e9s Zsombor<\/strong> (<a href=\"https:\/\/simonyi.kre.hu\/wp-content\/uploads\/2024\/05\/Illes_Zsombor.pdf\" target=\"_blank\" rel=\"noreferrer noopener\">laud\u00e1ci\u00f3<\/a>)<\/span><\/p>\r\n<p><span style=\"font-family: verdana, geneva, sans-serif;\">\r\n\r\n<\/span><\/p>\r\n<p><span style=\"font-family: verdana, geneva, sans-serif;\"><strong>Imre Levente<\/strong> (<a href=\"https:\/\/simonyi.kre.hu\/wp-content\/uploads\/2024\/05\/Imre_Levente.pdf\" target=\"_blank\" rel=\"noreferrer noopener\">laud\u00e1ci\u00f3<\/a>)<\/span><\/p>\r\n<p><span style=\"font-family: verdana, geneva, sans-serif;\">\r\n\r\n<\/span><\/p>\r\n<p class=\"has-normal-font-size\"><span style=\"font-family: verdana, geneva, sans-serif;\"><strong>Peresztegi-Szak\u00e1ly M\u00e1ty\u00e1s<\/strong> (<a href=\"https:\/\/simonyi.kre.hu\/wp-content\/uploads\/2024\/05\/Peresztegi-Szakaly_Matyas.pdf\" target=\"_blank\" rel=\"noreferrer noopener\">laud\u00e1ci\u00f3<\/a>)<\/span><\/p>\r\n<p><span style=\"font-family: verdana, geneva, sans-serif;\">\r\n\r\n<\/span><\/p>\r\n<p class=\"has-normal-font-size\"><span style=\"font-family: verdana, geneva, sans-serif;\"><strong>Tarack\u00f6zi L\u00eddia<\/strong> (<a href=\"https:\/\/simonyi.kre.hu\/wp-content\/uploads\/2024\/05\/Tarackozi_Lidia.pdf\" target=\"_blank\" rel=\"noreferrer noopener\">laud\u00e1ci\u00f3<\/a>)<\/span><\/p>\r\n<p><span style=\"font-family: verdana, geneva, sans-serif;\">\r\n\r\n<\/span><\/p>\r\n<p class=\"has-normal-font-size\"><span style=\"font-family: verdana, geneva, sans-serif;\"><strong>Varga R\u00e9ka<\/strong> (<a href=\"https:\/\/simonyi.kre.hu\/wp-content\/uploads\/2024\/05\/Varga_Reka.pdf\" target=\"_blank\" rel=\"noreferrer noopener\">laud\u00e1ci\u00f3<\/a>)<\/span><\/p>\r\n<p><span style=\"font-family: verdana, geneva, sans-serif;\">\r\n\r\n<\/span><\/p>\r\n<p class=\"has-normal-font-size\">\u00a0<\/p>\r\n<p><span style=\"font-family: verdana, geneva, sans-serif;\">\r\n\r\n<div class=\"wp-block-image is-resized\"><\/span><\/p>\r\n<figure class=\"aligncenter size-medium\"><span style=\"font-family: verdana, geneva, sans-serif;\"><img loading=\"lazy\" decoding=\"async\" width=\"300\" height=\"287\" class=\"wp-image-974\" src=\"https:\/\/simonyi.kre.hu\/wp-content\/uploads\/2021\/07\/Simonyi_ermesek_2021-1-300x287.jpg\" alt=\"\" srcset=\"https:\/\/simonyi.kre.hu\/wp-content\/uploads\/2021\/07\/Simonyi_ermesek_2021-1-300x287.jpg 300w, https:\/\/simonyi.kre.hu\/wp-content\/uploads\/2021\/07\/Simonyi_ermesek_2021-1.jpg 693w\" sizes=\"auto, (max-width: 300px) 100vw, 300px\" \/><\/span><\/figure>\r\n<p><span style=\"font-family: verdana, geneva, sans-serif;\"><\/div>\r\n\r\n<\/span><\/p>\r\n<p><span style=\"font-family: verdana, geneva, sans-serif;\"><strong>Simonyi Zsigmond-serleg <\/strong>kit\u00fcntet\u00e9sben azok az iskol\u00e1k r\u00e9szes\u00fclnek, amelyekb\u0151l az \u00e9vek sor\u00e1n a legt\u00f6bb versenyz\u0151 jutott a d\u00f6nt\u0151be:<\/span><\/p>\r\n<p><span style=\"font-family: verdana, geneva, sans-serif;\">\r\n\r\n<\/span><\/p>\r\n<ul class=\"wp-block-list\">\r\n<li><span style=\"font-family: verdana, geneva, sans-serif;\">Balatonkereszt\u00fari Festetics Krist\u00f3f \u00c1ltal\u00e1nos Iskola, Balatonkereszt\u00far (<a href=\"https:\/\/simonyi.kre.hu\/wp-content\/uploads\/2024\/05\/Festetics_Kristof_Iskola.pdf\" target=\"_blank\" rel=\"noreferrer noopener\">laud\u00e1ci\u00f3<\/a>)<\/span><\/li>\r\n\r\n\r\n\r\n<li><span style=\"font-family: verdana, geneva, sans-serif;\">Bart\u00f3k B\u00e9la Alapiskola, Nagymegyer (<a href=\"https:\/\/simonyi.kre.hu\/wp-content\/uploads\/2024\/05\/Bartok_Bela-Alapiskola.pdf\" target=\"_blank\" rel=\"noreferrer noopener\">laud\u00e1ci\u00f3<\/a>)<\/span><\/li>\r\n\r\n\r\n\r\n<li><span style=\"font-family: verdana, geneva, sans-serif;\">Marosv\u00e1s\u00e1rhelyi M\u0171v\u00e9szeti F\u0151gimn\u00e1zium, Marosv\u00e1s\u00e1rhely (<a href=\"https:\/\/simonyi.kre.hu\/wp-content\/uploads\/2024\/05\/Muveszeti_Fogimnazium.pdf\" target=\"_blank\" rel=\"noreferrer noopener\">laud\u00e1ci\u00f3<\/a>)<\/span><\/li>\r\n\r\n\r\n\r\n<li><span style=\"font-family: verdana, geneva, sans-serif;\">Paksi Bezer\u00e9dj \u00c1ltal\u00e1nos Iskola, Paks (<a href=\"https:\/\/simonyi.kre.hu\/wp-content\/uploads\/2024\/05\/Bezeredj_Altalanos_Iskola.pdf\" target=\"_blank\" rel=\"noreferrer noopener\">laud\u00e1ci\u00f3<\/a>)<\/span><\/li>\r\n\r\n\r\n\r\n<li><span style=\"font-family: verdana, geneva, sans-serif;\">Ungv\u00e1ri Dayka G\u00e1bor L\u00edceum, Ungv\u00e1r (<a href=\"https:\/\/simonyi.kre.hu\/wp-content\/uploads\/2024\/05\/Dayka_Gabor_Liceum.pdf\" target=\"_blank\" rel=\"noreferrer noopener\">laud\u00e1ci\u00f3<\/a>)<\/span><\/li>\r\n<\/ul>\r\n<p><span style=\"font-family: verdana, geneva, sans-serif;\">\r\n\r\n<div class=\"wp-block-image is-resized\"><\/span><\/p>\r\n<figure class=\"aligncenter size-large\"><span style=\"font-family: verdana, geneva, sans-serif;\"><img loading=\"lazy\" decoding=\"async\" width=\"788\" height=\"590\" class=\"wp-image-979\" src=\"https:\/\/simonyi.kre.hu\/wp-content\/uploads\/2021\/07\/serleges_iskolak_2021-1.jpg\" alt=\"\" srcset=\"https:\/\/simonyi.kre.hu\/wp-content\/uploads\/2021\/07\/serleges_iskolak_2021-1.jpg 788w, https:\/\/simonyi.kre.hu\/wp-content\/uploads\/2021\/07\/serleges_iskolak_2021-1-300x225.jpg 300w, https:\/\/simonyi.kre.hu\/wp-content\/uploads\/2021\/07\/serleges_iskolak_2021-1-768x575.jpg 768w\" sizes=\"auto, (max-width: 767px) 89vw, (max-width: 1000px) 54vw, (max-width: 1071px) 543px, 580px\" \/><\/span><\/figure>\r\n<p><span style=\"font-family: verdana, geneva, sans-serif;\"><\/div>\r\n\r\n<\/span><\/p>\r\n<p><span style=\"font-family: verdana, geneva, sans-serif;\"><strong>Arany Oklev\u00e9l<\/strong> elismer\u00e9sben azok a magyar szakos tan\u00e1rok r\u00e9szes\u00fclnek, akiknek legal\u00e1bb 4 versenyz\u0151j\u00fck szerepelt m\u00e1r a d\u00f6nt\u0151kben:<\/span><\/p>\r\n<p><span style=\"font-family: verdana, geneva, sans-serif;\">\r\n\r\n<\/span><\/p>\r\n<ul id=\"block-16e905a4-1289-4716-a48f-6d7aa864cd25\" class=\"wp-block-list\">\r\n<li><span style=\"font-family: verdana, geneva, sans-serif;\">Berczik Erzs\u00e9bet (Dob\u00f3 Istv\u00e1n Alapiskola, Nagyszelmenc) (<a href=\"https:\/\/simonyi.kre.hu\/wp-content\/uploads\/2024\/05\/Berczik-Erzsebet.pdf\" target=\"_blank\" rel=\"noreferrer noopener\">laud\u00e1ci\u00f3<\/a>)<\/span><\/li>\r\n\r\n\r\n\r\n<li><span style=\"font-family: verdana, geneva, sans-serif;\">Luk\u00e1csn\u00e9 Tuli Ildik\u00f3 (Balatonkereszt\u00fari Festetics Krist\u00f3f \u00c1ltal\u00e1nos Iskola, Balatonkereszt\u00far) (<a href=\"https:\/\/simonyi.kre.hu\/wp-content\/uploads\/2024\/05\/Lukacsne_Tuli_Ildiko.pdf\" target=\"_blank\" rel=\"noreferrer noopener\">laud\u00e1ci\u00f3<\/a>)<\/span><\/li>\r\n\r\n\r\n\r\n<li><span style=\"font-family: verdana, geneva, sans-serif;\">Miernik Be\u00e1ta (Kempelen Farkas Gimn\u00e1zium, Budapest) (<a href=\"https:\/\/simonyi.kre.hu\/wp-content\/uploads\/2024\/05\/Miernik_Beata.pdf\" target=\"_blank\" rel=\"noreferrer noopener\">laud\u00e1ci\u00f3<\/a>)<\/span><\/li>\r\n\r\n\r\n\r\n<li><span style=\"font-family: verdana, geneva, sans-serif;\">Dr. Moln\u00e1r M\u00e1ria (Ciszterci Rend Nagy Lajos Gimn\u00e1ziuma, P\u00e9cs) (<a href=\"https:\/\/simonyi.kre.hu\/wp-content\/uploads\/2024\/05\/Molnar_Maria.pdf\" target=\"_blank\" rel=\"noreferrer noopener\">laud\u00e1ci\u00f3<\/a>)<\/span><\/li>\r\n\r\n\r\n\r\n<li><span style=\"font-family: verdana, geneva, sans-serif;\">Nagyn\u00e9 Kov\u00e1cs Ildik\u00f3 (Paragv\u00e1ri Utcai \u00c1ltal\u00e1nos Iskola, Szombathely) (<a href=\"https:\/\/simonyi.kre.hu\/wp-content\/uploads\/2024\/05\/Nagyne_Kovacs_Ildiko.pdf\" target=\"_blank\" rel=\"noreferrer noopener\">laud\u00e1ci\u00f3<\/a>)<\/span><\/li>\r\n\r\n\r\n\r\n<li><span style=\"font-family: verdana, geneva, sans-serif;\">Ozsv\u00e1th Imola (Tam\u00e1si \u00c1ron Gimn\u00e1zium, Sz\u00e9kelyudvarhely) (<a href=\"https:\/\/simonyi.kre.hu\/wp-content\/uploads\/2024\/05\/Ozsvath_Imola.pdf\" target=\"_blank\" rel=\"noreferrer noopener\">laud\u00e1ci\u00f3<\/a>)<\/span><\/li>\r\n\r\n\r\n\r\n<li><span style=\"font-family: verdana, geneva, sans-serif;\">Ruszka Erzs\u00e9bet (Nagyberegi Reform\u00e1tus L\u00edceum, Nagybereg) (<a href=\"https:\/\/simonyi.kre.hu\/wp-content\/uploads\/2024\/05\/Ruszka_Erzsebet.pdf\" target=\"_blank\" rel=\"noreferrer noopener\">laud\u00e1ci\u00f3<\/a>)<\/span><\/li>\r\n\r\n\r\n\r\n<li><span style=\"font-family: verdana, geneva, sans-serif;\">Sz\u00e1raz L\u00e1szl\u00f3 (Veszpr\u00e9mi De\u00e1k Ferenc \u00c1ltal\u00e1nos Iskola, Veszpr\u00e9m) (<a href=\"https:\/\/simonyi.kre.hu\/wp-content\/uploads\/2024\/05\/Szaraz_Laszlo.pdf\" target=\"_blank\" rel=\"noreferrer noopener\">laud\u00e1ci\u00f3<\/a>)<\/span><\/li>\r\n\r\n\r\n\r\n<li><span style=\"font-family: verdana, geneva, sans-serif;\">Varga-Moln\u00e1r Anna (G\u00e1rdonyi G\u00e9za \u00c1ltal\u00e1nos Iskola, G\u00e1rdony) (<a href=\"https:\/\/simonyi.kre.hu\/wp-content\/uploads\/2024\/05\/Varga-Molnar_Anna.pdf\" target=\"_blank\" rel=\"noreferrer noopener\">laud\u00e1ci\u00f3<\/a>)<\/span><\/li>\r\n<\/ul>\r\n<p><span style=\"font-family: verdana, geneva, sans-serif;\">\r\n\r\n<\/span><\/p>\r\n<p><span style=\"font-family: verdana, geneva, sans-serif;\"><strong>Gratul\u00e1lunk minden kit\u00fcntetettnek!<\/strong><\/span><\/p>\r\n<p><span style=\"font-family: verdana, geneva, sans-serif;\">\r\n\r\n<\/span><\/p>\r\n<p class=\"has-text-align-center\"><span style=\"font-family: verdana, geneva, sans-serif;\">&#8211; &#8211; &#8211; &#8211; o &#8211; &#8211; &#8211; &#8211;<\/span><\/p>\r\n<p><span style=\"font-family: verdana, geneva, sans-serif;\">\r\n\r\n<\/span><\/p>\r\n<p class=\"has-medium-font-size\"><span style=\"font-family: verdana, geneva, sans-serif;\"><strong>A d\u00f6nt\u0151 id\u0151pontja \u00e9s helysz\u00edne<\/strong><\/span><\/p>\r\n<p><span style=\"font-family: verdana, geneva, sans-serif;\">\r\n\r\n<\/span><\/p>\r\n<p><span style=\"font-family: verdana, geneva, sans-serif;\">2024. m\u00e1jus 25.<\/span><br \/><span style=\"font-family: verdana, geneva, sans-serif;\">K\u00e1roli G\u00e1sp\u00e1r Reform\u00e1tus Egyetem Pedag\u00f3giai Kar<\/span><br \/><span style=\"font-family: verdana, geneva, sans-serif;\">1042 Budapest, \u00c1rp\u00e1d \u00fat 161\u2013163.<\/span><\/p>\r\n<p><span style=\"font-family: verdana, geneva, sans-serif;\">\r\n\r\n<\/span><\/p>\r\n<p><span style=\"font-family: verdana, geneva, sans-serif;\">Ha igazol\u00e1st k\u00e9r a szakmai konferenci\u00e1n val\u00f3 r\u00e9szv\u00e9telr\u0151l, t\u00f6ltse ki a <strong><a href=\"https:\/\/forms.office.com\/e\/PYUExPNLqc?origin=lprLink\" target=\"_blank\" rel=\"noreferrer noopener\">R\u00e9szv\u00e9teli tan\u00fas\u00edtv\u00e1ny 2024<\/a> <\/strong>adatlapot!<\/span><\/p>\r\n<p><span style=\"font-family: verdana, geneva, sans-serif;\">\r\n\r\n<\/span><\/p>\r\n<p class=\"has-black-color has-text-color\"><span style=\"font-family: verdana, geneva, sans-serif;\"><strong><a href=\"https:\/\/simonyi.kre.hu\/wp-content\/uploads\/2024\/05\/simonyi_donto_programfuzet_2024.pdf\" target=\"_blank\" rel=\"noreferrer noopener\">Programf\u00fczet<\/a><\/strong> <\/span><br \/><span style=\"font-family: verdana, geneva, sans-serif;\">A program online is k\u00f6vethet\u0151.<\/span><\/p>\r\n<p><span style=\"font-family: verdana, geneva, sans-serif;\">\r\n\r\n<\/span><\/p>\r\n<p class=\"has-text-align-center\"><span style=\"font-family: verdana, geneva, sans-serif;\">&#8211; &#8211; &#8211; &#8211; o &#8211; &#8211; &#8211; &#8211;<\/span><\/p>\r\n<p><span style=\"font-family: verdana, geneva, sans-serif;\">\r\n\r\n<\/span><\/p>\r\n<p class=\"has-medium-font-size\"><span style=\"font-family: verdana, geneva, sans-serif;\"><strong>A 2. fordul\u00f3 eredm\u00e9nyei<\/strong><\/span><\/p>\r\n<p><span style=\"font-family: verdana, geneva, sans-serif;\">\r\n\r\n<\/span><\/p>\r\n<p><span style=\"font-family: verdana, geneva, sans-serif;\">Megsz\u00fclettek a magyarorsz\u00e1gi, az erd\u00e9lyi, a felvid\u00e9ki \u00e9s a vajdas\u00e1gi iskol\u00e1knak rendezett m\u00e1sodik versenyfordul\u00f3 v\u00e9gleges eredm\u00e9nyei. <\/span><br \/><span style=\"font-family: verdana, geneva, sans-serif;\">A versenyre 1005 int\u00e9zm\u00e9nyb\u0151l 5 105 tanul\u00f3 jutott be. K\u00f6z\u00fcl\u00fck 4 939 f\u0151 vett r\u00e9szt a 2. fordul\u00f3ban.<\/span><\/p>\r\n<p><span style=\"font-family: verdana, geneva, sans-serif;\">\r\n\r\n<\/span><\/p>\r\n<p>&nbsp;<\/p>\r\n<p><span style=\"font-family: verdana, geneva, sans-serif;\">\r\n\r\n<\/span><\/p>\r\n<p><span style=\"font-family: verdana, geneva, sans-serif;\">Sz\u00edvb\u0151l gratul\u00e1lunk minden versenyz\u0151nek \u00e9s felk\u00e9sz\u00edt\u0151 tan\u00e1r\u00e1nak!<\/span><\/p>\r\n<p><span style=\"font-family: verdana, geneva, sans-serif;\">\r\n\r\n<\/span><\/p>\r\n<p><span style=\"font-family: verdana, geneva, sans-serif;\"><strong>5. \u00e9vfolyam<\/strong><\/span><\/p>\r\n<p><span style=\"font-family: verdana, geneva, sans-serif;\">\r\n\r\n<\/span><\/p>\r\n<p><span style=\"font-family: verdana, geneva, sans-serif;\">L\u00e9tsz\u00e1m: 1484 f\u0151<\/span><br \/><span style=\"font-family: verdana, geneva, sans-serif;\">\u00c1tlag: 84,19 pont<\/span><br \/><span style=\"font-family: verdana, geneva, sans-serif;\">Legjobb: 100,0 pont<\/span><br \/><span style=\"font-family: verdana, geneva, sans-serif;\">Legjobbak 95 pont f\u00f6l\u00f6tt: 118 f\u0151<\/span><br \/><span style=\"font-family: verdana, geneva, sans-serif;\">Legjobbak 90\u201395 pont k\u00f6z\u00f6tt: 376 f\u0151<\/span><br \/><span style=\"font-family: verdana, geneva, sans-serif;\">Legjobbak 85\u201390 pont k\u00f6z\u00f6tt: 370 f\u0151<\/span><br \/><span style=\"font-family: verdana, geneva, sans-serif;\">Tov\u00e1bbjut\u00f3k \u00e1tlaga: 97,24 pont<\/span><\/p>\r\n<p><span style=\"font-family: verdana, geneva, sans-serif;\">\r\n\r\n<\/span><\/p>\r\n<p class=\"has-normal-font-size\"><span style=\"font-family: verdana, geneva, sans-serif;\"><strong>6. \u00e9vfolyam<\/strong><\/span><\/p>\r\n<p><span style=\"font-family: verdana, geneva, sans-serif;\">\r\n\r\n<\/span><\/p>\r\n<p><span style=\"font-family: verdana, geneva, sans-serif;\">L\u00e9tsz\u00e1m: 1333 f\u0151<\/span><br \/><span style=\"font-family: verdana, geneva, sans-serif;\">\u00c1tlag: 74,02 pont<\/span><br \/><span style=\"font-family: verdana, geneva, sans-serif;\">Legjobb: 99,63 pont<\/span><br \/><span style=\"font-family: verdana, geneva, sans-serif;\">Legjobbak 95 pont f\u00f6l\u00f6tt: 13 f\u0151<\/span><br \/><span style=\"font-family: verdana, geneva, sans-serif;\">Legjobbak 90\u201395 pont k\u00f6z\u00f6tt: 60 f\u0151<\/span><br \/><span style=\"font-family: verdana, geneva, sans-serif;\">Legjobbak 85\u201390 pont k\u00f6z\u00f6tt: 114 f\u0151<\/span><br \/><span style=\"font-family: verdana, geneva, sans-serif;\">Tov\u00e1bbjut\u00f3k \u00e1tlaga: 93,47 pont<\/span><\/p>\r\n<p><span style=\"font-family: verdana, geneva, sans-serif;\">\r\n\r\n<\/span><\/p>\r\n<p><span style=\"font-family: verdana, geneva, sans-serif;\"><strong>7. \u00e9vfolyam<\/strong><\/span><\/p>\r\n<p><span style=\"font-family: verdana, geneva, sans-serif;\">\r\n\r\n<\/span><\/p>\r\n<p><span style=\"font-family: verdana, geneva, sans-serif;\">L\u00e9tsz\u00e1m: 1213 f\u0151<\/span><br \/><span style=\"font-family: verdana, geneva, sans-serif;\">\u00c1tlag: 76,05 pont<\/span><br \/><span style=\"font-family: verdana, geneva, sans-serif;\">Legjobb: 100,0 pont<\/span><br \/><span style=\"font-family: verdana, geneva, sans-serif;\">Legjobbak 95 pont f\u00f6l\u00f6tt: 24 f\u0151<\/span><br \/><span style=\"font-family: verdana, geneva, sans-serif;\">Legjobbak 90\u201395 pont k\u00f6z\u00f6tt: 104 f\u0151<\/span><br \/><span style=\"font-family: verdana, geneva, sans-serif;\">Legjobbak 85\u201390 pont k\u00f6z\u00f6tt: 153 f\u0151<\/span><br \/><span style=\"font-family: verdana, geneva, sans-serif;\">Tov\u00e1bbjut\u00f3k \u00e1tlaga: 93,82 pont<\/span><\/p>\r\n<p><span style=\"font-family: verdana, geneva, sans-serif;\">\r\n\r\n<\/span><\/p>\r\n<p><span style=\"font-family: verdana, geneva, sans-serif;\"><strong>8. \u00e9vfolyam<\/strong><\/span><\/p>\r\n<p><span style=\"font-family: verdana, geneva, sans-serif;\">\r\n\r\n<\/span><\/p>\r\n<p><span style=\"font-family: verdana, geneva, sans-serif;\">L\u00e9tsz\u00e1m: 909 f\u0151<\/span><br \/><span style=\"font-family: verdana, geneva, sans-serif;\">\u00c1tlag: 77,13 pont<\/span><br \/><span style=\"font-family: verdana, geneva, sans-serif;\">Legjobb: 99,0 pont<\/span><br \/><span style=\"font-family: verdana, geneva, sans-serif;\">Legjobbak 95 pont f\u00f6l\u00f6tt: 10 f\u0151<\/span><br \/><span style=\"font-family: verdana, geneva, sans-serif;\">Legjobbak 90\u201395 pont k\u00f6z\u00f6tt: 54 f\u0151<\/span><br \/><span style=\"font-family: verdana, geneva, sans-serif;\">Legjobbak 85\u201390 pont k\u00f6z\u00f6tt: 121 f\u0151<\/span><br \/><span style=\"font-family: verdana, geneva, sans-serif;\">Tov\u00e1bbjut\u00f3k \u00e1tlaga: 93,41 pont<\/span><\/p>\r\n<p><span style=\"font-family: verdana, geneva, sans-serif;\">\r\n\r\n<\/span><\/p>\r\n<p><span style=\"font-family: verdana, geneva, sans-serif;\">A versenyz\u0151k szem\u00e9ly szerint el\u00e9rt eredm\u00e9ny\u00e9t minden int\u00e9zm\u00e9ny, illetve iskolai kapcsolattart\u00f3 megkapta \u00edm\u00e9lben.<\/span><\/p>\r\n<p><span style=\"font-family: verdana, geneva, sans-serif;\">\r\n\r\n<\/span><\/p>\r\n<p><span style=\"font-family: verdana, geneva, sans-serif;\">A d\u00f6nt\u0151be jutott versenyz\u0151ket k\u00fcl\u00f6n \u00edm\u00e9lben \u00e9rtes\u00edtett\u00fck.<\/span><\/p>\r\n<p><span style=\"font-family: verdana, geneva, sans-serif;\">\r\n\r\n<\/span><\/p>\r\n<p class=\"has-text-align-center\"><span style=\"font-family: verdana, geneva, sans-serif;\">&#8211; &#8211; &#8211; &#8211; o &#8211; &#8211; &#8211; &#8211;<\/span><\/p>\r\n<p><span style=\"font-family: verdana, geneva, sans-serif;\">\r\n\r\n<\/span><\/p>\r\n<p class=\"has-medium-font-size\"><span style=\"font-family: verdana, geneva, sans-serif;\"><strong>A verseny 2. fordul\u00f3j\u00e1nak id\u0151pontja<\/strong><\/span><\/p>\r\n<p><span style=\"font-family: verdana, geneva, sans-serif;\">\r\n\r\n<\/span><\/p>\r\n<p><span style=\"font-family: verdana, geneva, sans-serif;\">5\u20136. \u00e9vfolyam: <strong>2024. \u00e1prilis 15. 14:00 \u00f3ra<\/strong> <\/span><br \/><span style=\"font-family: verdana, geneva, sans-serif;\">7\u20138. \u00e9vfolyam:<strong> 2024. \u00e1prilis 15. 15:00 \u00f3ra<\/strong><\/span><\/p>\r\n<p><span style=\"font-family: verdana, geneva, sans-serif;\">\r\n\r\n<\/span><\/p>\r\n<p><span style=\"font-family: verdana, geneva, sans-serif;\">A versenyfel\u00fcletet a kezd\u00e9s el\u0151tt 30 perccel kor\u00e1bban nyitjuk meg, \u00e9s 30 perccel a befejez\u00e9s ut\u00e1n z\u00e1rjuk be.<\/span><\/p>\r\n<p><span style=\"font-family: verdana, geneva, sans-serif;\">\r\n\r\n<\/span><\/p>\r\n<p><span style=\"font-family: verdana, geneva, sans-serif;\">Helysz\u00edn: a versenyz\u0151 saj\u00e1t iskol\u00e1ja.<\/span><\/p>\r\n<p><span style=\"font-family: verdana, geneva, sans-serif;\">\r\n\r\n<\/span><\/p>\r\n<p><span style=\"font-family: verdana, geneva, sans-serif;\">A versenyfel\u00fclet csak pontosan be\u00edrt adatokkal nyithat\u00f3 meg, a szerver el\u00e9rhet\u0151s\u00e9ge \u00e9s a bel\u00e9p\u00e9si adatok (felhaszn\u00e1l\u00f3n\u00e9v \u00e9s jelsz\u00f3) v\u00e1ltozatlanok minden versenyz\u0151 sz\u00e1m\u00e1ra.<\/span><\/p>\r\n<p><span style=\"font-family: verdana, geneva, sans-serif;\">\r\n\r\n<\/span><\/p>\r\n<p><span style=\"font-family: verdana, geneva, sans-serif;\">Feladatlapok megtekint\u00e9se: \u00e1prilis 16. 14:00\u201316:00 \u00f3ra. <\/span><br \/><span style=\"font-family: verdana, geneva, sans-serif;\">A jav\u00edt\u00e1ssal kapcsolatos \u00e9szrev\u00e9teleiket \u00e1prilis 18-\u00e1n \u00e9jf\u00e9lig v\u00e1rjuk a <a href=\"mailto:pk.simonyi-verseny@kre.hu\">pk.simonyi-verseny@kre.hu<\/a> c\u00edmen.<\/span><\/p>\r\n<p><span style=\"font-family: verdana, geneva, sans-serif;\">\r\n\r\n<\/span><\/p>\r\n<p class=\"has-text-align-center\"><span style=\"font-family: verdana, geneva, sans-serif;\">&#8211; &#8211; &#8211; &#8211; o &#8211; &#8211; &#8211; &#8211;<\/span><\/p>\r\n<p><span style=\"font-family: verdana, geneva, sans-serif;\">\r\n\r\n<\/span><\/p>\r\n<p class=\"has-medium-font-size\"><span style=\"font-family: verdana, geneva, sans-serif;\"><strong>Az 1. fordul\u00f3 eredm\u00e9nyei<\/strong><\/span><\/p>\r\n<p><span style=\"font-family: verdana, geneva, sans-serif;\">\r\n\r\n<\/span><\/p>\r\n<p><span style=\"font-family: verdana, geneva, sans-serif;\">Megsz\u00fclettek a magyarorsz\u00e1gi, a felvid\u00e9ki, a k\u00e1rp\u00e1taljai \u00e9s a vajdas\u00e1gi iskol\u00e1knak rendezett versenyfordul\u00f3 v\u00e9gleges eredm\u00e9nyei. A versenyre 1144 int\u00e9zm\u00e9nyb\u0151l 23 279 tanul\u00f3 jelentkezett. Az els\u0151 fordul\u00f3ban 17 908 f\u0151 vett r\u00e9szt .<\/span><\/p>\r\n<p><span style=\"font-family: verdana, geneva, sans-serif;\">\r\n\r\n<\/span><\/p>\r\n<p><span style=\"font-family: verdana, geneva, sans-serif;\">Sz\u00edvb\u0151l gratul\u00e1lunk minden versenyz\u0151nek \u00e9s felk\u00e9sz\u00edt\u0151 tan\u00e1r\u00e1nak!<\/span><\/p>\r\n<p><span style=\"font-family: verdana, geneva, sans-serif;\">\r\n\r\n<\/span><\/p>\r\n<p><span style=\"font-family: verdana, geneva, sans-serif;\"><strong>5. \u00e9vfolyam<\/strong><\/span><\/p>\r\n<p><span style=\"font-family: verdana, geneva, sans-serif;\">\r\n\r\n<\/span><\/p>\r\n<p><span style=\"font-family: verdana, geneva, sans-serif;\">L\u00e9tsz\u00e1m: 5378 f\u0151<\/span><br \/><span style=\"font-family: verdana, geneva, sans-serif;\">\u00c1tlag: 73,92 pont<\/span><br \/><span style=\"font-family: verdana, geneva, sans-serif;\">Legjobb: 100,0 pont<\/span><br \/><span style=\"font-family: verdana, geneva, sans-serif;\">Legjobbak 90 pont f\u00f6l\u00f6tt: 433 f\u0151<\/span><br \/><span style=\"font-family: verdana, geneva, sans-serif;\">Legjobbak 80\u201390 pont k\u00f6z\u00f6tt: 1406 f\u0151<\/span><br \/><span style=\"font-family: verdana, geneva, sans-serif;\">Tov\u00e1bbjut\u00f3k \u00e1tlaga: 87,42 pont<\/span><\/p>\r\n<p><span style=\"font-family: verdana, geneva, sans-serif;\">\r\n\r\n<\/span><\/p>\r\n<p class=\"has-normal-font-size\"><span style=\"font-family: verdana, geneva, sans-serif;\"><strong>6. \u00e9vfolyam<\/strong><\/span><\/p>\r\n<p><span style=\"font-family: verdana, geneva, sans-serif;\">\r\n\r\n<\/span><\/p>\r\n<p><span style=\"font-family: verdana, geneva, sans-serif;\">L\u00e9tsz\u00e1m: 4800 f\u0151<\/span><br \/><span style=\"font-family: verdana, geneva, sans-serif;\">\u00c1tlag: 64,19 pont<\/span><br \/><span style=\"font-family: verdana, geneva, sans-serif;\">Legjobb: 99,0 pont<\/span><br \/><span style=\"font-family: verdana, geneva, sans-serif;\">Legjobbak 90 pont f\u00f6l\u00f6tt: 157 f\u0151<\/span><br \/><span style=\"font-family: verdana, geneva, sans-serif;\">Legjobbak 80\u201390 pont k\u00f6z\u00f6tt: 567 f\u0151<\/span><br \/><span style=\"font-family: verdana, geneva, sans-serif;\">Tov\u00e1bbjut\u00f3k \u00e1tlaga: 81,25 pont<\/span><\/p>\r\n<p><span style=\"font-family: verdana, geneva, sans-serif;\">\r\n\r\n<\/span><\/p>\r\n<p><span style=\"font-family: verdana, geneva, sans-serif;\"><strong>7. \u00e9vfolyam<\/strong><\/span><\/p>\r\n<p><span style=\"font-family: verdana, geneva, sans-serif;\">\r\n\r\n<\/span><\/p>\r\n<p><span style=\"font-family: verdana, geneva, sans-serif;\">L\u00e9tsz\u00e1m: 4385 f\u0151<\/span><br \/><span style=\"font-family: verdana, geneva, sans-serif;\">\u00c1tlag: 68,63 pont<\/span><br \/><span style=\"font-family: verdana, geneva, sans-serif;\">Legjobb: 99,0 pont<\/span><br \/><span style=\"font-family: verdana, geneva, sans-serif;\">Legjobbak 90 pont f\u00f6l\u00f6tt: 275 f\u0151<\/span><br \/><span style=\"font-family: verdana, geneva, sans-serif;\">Legjobbak 80\u201390 pont k\u00f6z\u00f6tt: 725 f\u0151<\/span><br \/><span style=\"font-family: verdana, geneva, sans-serif;\">Tov\u00e1bbjut\u00f3k \u00e1tlaga: 85,0 pont<\/span><\/p>\r\n<p><span style=\"font-family: verdana, geneva, sans-serif;\">\r\n\r\n<\/span><\/p>\r\n<p><span style=\"font-family: verdana, geneva, sans-serif;\"><strong>8. \u00e9vfolyam<\/strong><\/span><\/p>\r\n<p><span style=\"font-family: verdana, geneva, sans-serif;\">\r\n\r\n<\/span><\/p>\r\n<p><span style=\"font-family: verdana, geneva, sans-serif;\">L\u00e9tsz\u00e1m: 3343 f\u0151<\/span><br \/><span style=\"font-family: verdana, geneva, sans-serif;\">\u00c1tlag: 66,42 pont<\/span><br \/><span style=\"font-family: verdana, geneva, sans-serif;\">Legjobb: 99,68 pont<\/span><br \/><span style=\"font-family: verdana, geneva, sans-serif;\">Legjobbak 90 pont f\u00f6l\u00f6tt: 68 f\u0151<\/span><br \/><span style=\"font-family: verdana, geneva, sans-serif;\">Legjobbak 80\u201390 pont k\u00f6z\u00f6tt: 438 f\u0151<\/span><br \/><span style=\"font-family: verdana, geneva, sans-serif;\">Tov\u00e1bbjut\u00f3k \u00e1tlaga: 80,90 pont<\/span><\/p>\r\n<p><span style=\"font-family: verdana, geneva, sans-serif;\">\r\n\r\n<\/span><\/p>\r\n<p><span style=\"font-family: verdana, geneva, sans-serif;\">A versenyz\u0151k szem\u00e9ly szerint el\u00e9rt eredm\u00e9ny\u00e9t minden int\u00e9zm\u00e9ny, illetve iskolai kapcsolattart\u00f3 megkapta \u00edm\u00e9lben, amely a tov\u00e1bbjut\u00f3kat is tartalmazta.<\/span><\/p>\r\n<p><span style=\"font-family: verdana, geneva, sans-serif;\">\r\n\r\n<\/span><\/p>\r\n<p class=\"has-text-align-center\"><span style=\"font-family: verdana, geneva, sans-serif;\">&#8211; &#8211; &#8211; &#8211; o &#8211; &#8211; &#8211; &#8211;<\/span><\/p>\r\n<p><span style=\"font-family: verdana, geneva, sans-serif;\">\r\n\r\n<\/span><\/p>\r\n<p><span style=\"font-family: verdana, geneva, sans-serif;\"><strong>Rajt el\u0151tt<\/strong><\/span><\/p>\r\n<p><span style=\"font-family: verdana, geneva, sans-serif;\">\r\n\r\n<\/span><\/p>\r\n<p><span style=\"font-family: verdana, geneva, sans-serif;\">A XXVII. Simonyi Zsigmond K\u00e1rp\u00e1t-medencei\u00a0helyes\u00edr\u00e1si\u00a0versenyre lez\u00e1rult a jelentkez\u00e9s.<\/span><\/p>\r\n<p><span style=\"font-family: verdana, geneva, sans-serif;\">\r\n\r\n<\/span><\/p>\r\n<p><span style=\"font-family: verdana, geneva, sans-serif;\">A nevez\u0151 int\u00e9zm\u00e9nyek sz\u00e1ma:\u00a01273 iskola. <\/span><br \/><span style=\"font-family: verdana, geneva, sans-serif;\">A nevezett tanul\u00f3k sz\u00e1ma:\u00a0 23 974 f\u0151.<\/span><\/p>\r\n<p><span style=\"font-family: verdana, geneva, sans-serif;\">\r\n\r\n<\/span><\/p>\r\n<p><span style=\"font-family: verdana, geneva, sans-serif;\">A szervez\u0151k 2024. febru\u00e1r\u00a0 29-\u00e9n az immm\u00e1r hagyom\u00e1nny\u00e1 v\u00e1lt tov\u00e1bbk\u00e9pz\u00e9s keret\u00e9ben <em>Simonyi a weben <\/em>c\u00edmmel tartottak t\u00e1j\u00e9koztat\u00f3 el\u0151ad\u00e1st a versennyel kapcsolatos tudnival\u00f3kr\u00f3l \u00e9s a digit\u00e1lis versenyz\u00e9s kih\u00edv\u00e1sair\u00f3l. Az el\u0151ad\u00e1sr\u00f3l k\u00e9sz\u00fclt felv\u00e9tel a <a href=\"https:\/\/simonyi.kre.hu\/?p=1277\" target=\"_blank\" rel=\"noreferrer noopener\">Tov\u00e1bbk\u00e9pz\u00e9s <\/a>men\u00fcpontban \u00e9rhet\u0151 el.<\/span><\/p>\r\n<p><span style=\"font-family: verdana, geneva, sans-serif;\">\r\n\r\n<\/span><\/p>\r\n<p><span style=\"font-family: verdana, geneva, sans-serif;\">2024. m\u00e1rcius 4-\u00e9n \u00e9s 5-\u00e9n magyarorsz\u00e1gi id\u0151 szerint 14:00 \u00e9s 16:00 \u00f3ra k\u00f6z\u00f6tt gyakorl\u00e1si lehet\u0151s\u00e9get biztos\u00edtunk a versenyz\u0151 di\u00e1koknak a verseny digit\u00e1lis platformj\u00e1n.<\/span><\/p>\r\n<p><span style=\"font-family: verdana, geneva, sans-serif;\">\r\n\r\n<\/span><\/p>\r\n<p><span style=\"font-family: verdana, geneva, sans-serif;\">A verseny 1. fordul\u00f3ja 2024. m\u00e1rcius 11-\u00e9n \u00e9s 12-\u00e9n zajlik.<\/span><br \/><span style=\"font-family: verdana, geneva, sans-serif;\">A r\u00e9szletekr\u0151l \u00edm\u00e9lben kaptak a nevez\u0151 int\u00e9zm\u00e9nyek \u00e9s a kapcsolattart\u00f3 koll\u00e9g\u00e1k t\u00e1j\u00e9koztat\u00e1st.<\/span><\/p>\r\n<p><span style=\"font-family: verdana, geneva, sans-serif;\">\r\n\r\n<\/span><\/p>\r\n<p class=\"has-text-align-center\"><span style=\"font-family: verdana, geneva, sans-serif;\">&#8211; &#8211; &#8211; &#8211; o &#8211; &#8211; &#8211; &#8211;<\/span><\/p>\r\n<p><span style=\"font-family: verdana, geneva, sans-serif;\">\r\n\r\n<\/span><\/p>\r\n<p class=\"has-text-align-center\"><span style=\"font-family: verdana, geneva, sans-serif;\"><strong><span class=\"has-inline-color has-vivid-red-color\">Meghosszab\u00edtottuk a Simonyi-verseny jelentkez\u00e9si hat\u00e1ridej\u00e9t 2024. janu\u00e1r 22-ig!<\/span><\/strong><\/span><\/p>\r\n<p><span style=\"font-family: verdana, geneva, sans-serif;\">\r\n\r\n<\/span><\/p>\r\n<p class=\"has-text-align-center\"><span style=\"font-family: verdana, geneva, sans-serif;\">&#8211; &#8211; &#8211; &#8211; o &#8211; &#8211; &#8211; &#8211;<\/span><\/p>\r\n<p><span style=\"font-family: verdana, geneva, sans-serif;\">\r\n\r\n<\/span><\/p>\r\n<p class=\"has-text-align-center has-medium-font-size\"><span style=\"font-family: verdana, geneva, sans-serif;\"><strong>A XXVII. Simonyi-verseny<\/strong><\/span><\/p>\r\n<p><span style=\"font-family: verdana, geneva, sans-serif;\">\r\n\r\n<\/span><\/p>\r\n<p><span style=\"font-family: verdana, geneva, sans-serif;\">Tisztelt Koll\u00e9g\u00e1k! Tisztelt \u00c9rdekl\u0151d\u0151k! Kedves Di\u00e1kok!<\/span><\/p>\r\n<p><span style=\"font-family: verdana, geneva, sans-serif;\">\r\n\r\n<\/span><\/p>\r\n<p><span style=\"font-family: verdana, geneva, sans-serif;\">Honlapunk Versenyki\u00edr\u00e1s men\u00fcpontj\u00e1ban olvashat\u00f3k a 2023\/24. tan\u00e9vi verseny r\u00e9szletei, \u00edgy az egyes fordul\u00f3k id\u0151pontjai is.<\/span><\/p>\r\n<p><span style=\"font-family: verdana, geneva, sans-serif;\">\r\n\r\n<\/span><\/p>\r\n<p><span style=\"font-family: verdana, geneva, sans-serif;\"><strong>A regisztr\u00e1ci\u00f3 2023. november 1-j\u00e9n kezd\u0151dik, \u00e9s 2024. janu\u00e1r 15-ig tart.<\/strong> Ezt k\u00f6vet\u0151en vessz\u00fck fel int\u00e9zm\u00e9ny\u00fckkel \u00e9s az int\u00e9zm\u00e9nyt k\u00e9pvisel\u0151 versenyszervez\u0151 koll\u00e9g\u00e1val \u00edm\u00e9lben a kapcsolatot.<\/span><\/p>\r\n<p><span style=\"font-family: verdana, geneva, sans-serif;\">\r\n\r\n<\/span><\/p>\r\n<p><span style=\"font-family: verdana, geneva, sans-serif;\">Ne feledkezzenek meg az adatv\u00e9delmi hozz\u00e1j\u00e1rul\u00f3 nyilatkozatok kit\u00f6lt\u00e9s\u00e9r\u0151l \u00e9s meg\u0151rz\u00e9s\u00e9r\u0151l! A tudnival\u00f3kr\u00f3l b\u0151vebben a Regisztr\u00e1ci\u00f3 2023\/24 oldalon az Adatv\u00e9delem\/<a href=\"https:\/\/simonyi.kre.hu\/wp-content\/uploads\/2023\/10\/informacio_adatvedelem_2023-24.pdf\" target=\"_blank\" rel=\"noreferrer noopener\">Inform\u00e1ci\u00f3 <\/a>alatt olvashatnak.<\/span><\/p>\r\n<p><span style=\"font-family: verdana, geneva, sans-serif;\">\r\n\r\n<\/span><\/p>\r\n<p><span style=\"font-family: verdana, geneva, sans-serif;\">V\u00e1rjuk megtisztel\u0151 jelentkez\u00e9s\u00fcket!<\/span><\/p>\r\n<p><span style=\"font-family: verdana, geneva, sans-serif;\">\r\n\r\n<\/span><\/p>\r\n<p><span style=\"font-family: verdana, geneva, sans-serif;\"><strong>Online szakmai megnyit\u00f3 november 28-\u00e1n<\/strong>.<\/span><br \/><span style=\"font-family: verdana, geneva, sans-serif;\"><a href=\"https:\/\/simonyi.kre.hu\/wp-content\/uploads\/2023\/11\/Simonyi_indulo_Meghivo_2023_2024.pdf\"><strong>Megh\u00edv\u00f3<\/strong> <\/a><\/span><\/p>\r\n<p><span style=\"font-family: verdana, geneva, sans-serif;\">\r\n\r\n<\/span><\/p>\r\n<p class=\"has-text-align-center\"><span style=\"font-family: verdana, geneva, sans-serif;\">&#8211; &#8211; &#8211; &#8211; o &#8211; &#8211; &#8211; &#8211;<\/span><\/p>\r\n<p><span style=\"font-family: verdana, geneva, sans-serif;\">\r\n\r\n<\/span><\/p>\r\n<p class=\"has-text-align-center has-medium-font-size\"><span style=\"font-family: verdana, geneva, sans-serif;\"><strong>Mi t\u00f6rt\u00e9nt a 2022\/23. tan\u00e9vben?<\/strong><\/span><\/p>\r\n<p><span style=\"font-family: verdana, geneva, sans-serif;\">\r\n\r\n<\/span><\/p>\r\n<p><span style=\"font-family: verdana, geneva, sans-serif;\">Az \u00e9v esem\u00e9nyei olvashat\u00f3k a verseny szervez\u00e9s\u00e9t \u00e9s megrendez\u00e9s\u00e9t \u00f6sszefoglal\u00f3 <strong><a href=\"https:\/\/simonyi.kre.hu\/wp-content\/uploads\/2023\/07\/Szakmai_beszamolo_2022-23.pdf\" target=\"_blank\" rel=\"noreferrer noopener\">szakmai besz\u00e1mol\u00f3ban<\/a><\/strong>.<\/span><\/p>\r\n<p><span style=\"font-family: verdana, geneva, sans-serif;\">\r\n\r\n<\/span><\/p>\r\n<p><span style=\"font-family: verdana, geneva, sans-serif;\">A d\u00f6nt\u0151r\u0151l k\u00e9sz\u00fclt k\u00e9panyag \u00e9s kisfilm a <a href=\"https:\/\/simonyi.kre.hu\/?p=102\" target=\"_blank\" rel=\"noreferrer noopener\"><strong>Gal\u00e9ri\u00e1ban<\/strong> <\/a>tekinthet\u0151 meg.<\/span><\/p>\r\n<p><span style=\"font-family: verdana, geneva, sans-serif;\">\r\n\r\n<\/span><\/p>\r\n<p id=\"block-a46eb818-e8e5-4fc4-b4b2-784c240223e7\" class=\"has-text-align-center has-normal-font-size\"><span style=\"font-family: verdana, geneva, sans-serif;\"><strong><br \/><\/strong> &#8211; &#8211; &#8211; &#8211; o &#8211; &#8211; &#8211; &#8211;<\/span><\/p>\r\n<p><span style=\"font-family: verdana, geneva, sans-serif;\">\r\n\r\n<\/span><\/p>\r\n<p class=\"has-text-align-center has-medium-font-size\"><span style=\"font-family: verdana, geneva, sans-serif;\"><strong>XXVI. Simonyi Zsigmond K\u00e1rp\u00e1t-medencei <\/strong><\/span><br \/><span style=\"font-family: verdana, geneva, sans-serif;\"><strong>helyes\u00edr\u00e1si verseny <\/strong><\/span><br \/><span style=\"font-family: verdana, geneva, sans-serif;\"><strong>D\u00f6nt\u0151<\/strong><\/span><br \/><span style=\"font-family: verdana, geneva, sans-serif;\">Id\u0151pont: 2023. m\u00e1jus 20. (szombat)<\/span><\/p>\r\n<p><span style=\"font-family: verdana, geneva, sans-serif;\">\r\n\r\n<\/span><\/p>\r\n<p class=\"has-text-align-left\" style=\"font-size: 19px;\"><br \/><span style=\"font-family: verdana, geneva, sans-serif;\"><strong>A d\u00f6nt\u0151 eredm\u00e9nyei<\/strong><\/span><\/p>\r\n<p><span style=\"font-family: verdana, geneva, sans-serif;\">\r\n\r\n<\/span><\/p>\r\n<p class=\"has-normal-font-size\"><span style=\"font-family: verdana, geneva, sans-serif;\">5. \u00e9vfolyam \u00e1tlaga: 83,9%, 1\u201310. helyezett \u00e1tlaga: 92,8%, legmagasabb pontsz\u00e1m: 94,9 pont<\/span><br \/><span style=\"font-family: verdana, geneva, sans-serif;\">6. \u00e9vfolyam \u00e1tlaga: 75,8%, 1\u201310. helyezett \u00e1tlaga: 87,4%, legmagasabb pontsz\u00e1m: 92,6 pont<\/span><br \/><span style=\"font-family: verdana, geneva, sans-serif;\">7. \u00e9vfolyam \u00e1tlaga: 83,5%, 1\u201310. helyezett \u00e1tlaga: 95,1%, legmagasabb pontsz\u00e1m: 99,1 pont<\/span><br \/><span style=\"font-family: verdana, geneva, sans-serif;\">8. \u00e9vfolyam \u00e1tlaga: 83,1%, 1\u201310. helyezett \u00e1tlaga: 92,1%, legmagasabb pontsz\u00e1m: 95,1 pont<\/span><br \/><br \/><span style=\"font-family: verdana, geneva, sans-serif;\">A 3. fordul\u00f3ban, azaz a d\u00f6nt\u0151ben el\u00e9rt eredm\u00e9ny\u00e9r\u0151l minden versenyz\u0151 int\u00e9zm\u00e9nye, illetve kapcsolattart\u00f3 tan\u00e1ra \u00edm\u00e9lben kapott t\u00e1j\u00e9koztat\u00e1st. A verseny eredm\u00e9nyeir\u0151l b\u0151vebb inform\u00e1ci\u00f3 az <strong>Eredm\u00e9nyek <\/strong>men\u00fcpontban tal\u00e1lhat\u00f3.<\/span><\/p>\r\n<p><span style=\"font-family: verdana, geneva, sans-serif;\">\r\n\r\n<\/span><\/p>\r\n<p><span style=\"font-family: verdana, geneva, sans-serif;\"><strong>A 2022\/23-es tan\u00e9v kit\u00fcntetettjei<\/strong><\/span><\/p>\r\n<p><span style=\"font-family: verdana, geneva, sans-serif;\">\r\n\r\n<\/span><\/p>\r\n<p><span style=\"font-family: verdana, geneva, sans-serif;\"><strong>Simonyi Zsigmond-\u00e9rem<\/strong> kit\u00fcntet\u00e9sben r\u00e9szes\u00fclnek kiv\u00e1l\u00f3 munk\u00e1juk\u00e9rt:<\/span><\/p>\r\n<p><span style=\"font-family: verdana, geneva, sans-serif;\">\r\n\r\n<\/span><\/p>\r\n<p class=\"has-normal-font-size\"><span style=\"font-family: verdana, geneva, sans-serif;\"><strong>D\u00e9nes T\u00fcnde<\/strong> (<a href=\"https:\/\/simonyi.kre.hu\/wp-content\/uploads\/2023\/07\/Denes_Tunde.pdf\" target=\"_blank\" rel=\"noreferrer noopener\">laud\u00e1ci\u00f3<\/a>)<\/span><\/p>\r\n<p><span style=\"font-family: verdana, geneva, sans-serif;\">\r\n\r\n<\/span><\/p>\r\n<p><span style=\"font-family: verdana, geneva, sans-serif;\"><strong>Horv\u00e1th-Kocsis Erika<\/strong> (<a href=\"https:\/\/simonyi.kre.hu\/wp-content\/uploads\/2023\/07\/Horvath-Kocsis-Erika.pdf\" target=\"_blank\" rel=\"noreferrer noopener\">laud\u00e1ci\u00f3<\/a>)<\/span><\/p>\r\n<p><span style=\"font-family: verdana, geneva, sans-serif;\">\r\n\r\n<\/span><\/p>\r\n<p class=\"has-normal-font-size\"><span style=\"font-family: verdana, geneva, sans-serif;\"><strong>H. T\u00f3th Istv\u00e1n<\/strong> (<a href=\"https:\/\/simonyi.kre.hu\/wp-content\/uploads\/2023\/07\/H_Toth_Istvan.pdf\" target=\"_blank\" rel=\"noreferrer noopener\">laud\u00e1ci\u00f3<\/a>)<\/span><\/p>\r\n<p><span style=\"font-family: verdana, geneva, sans-serif;\">\r\n\r\n<\/span><\/p>\r\n<p class=\"has-normal-font-size\"><span style=\"font-family: verdana, geneva, sans-serif;\"><strong>Lad\u00e1nyi Sz\u00e1va<\/strong> (<a href=\"https:\/\/simonyi.kre.hu\/wp-content\/uploads\/2023\/07\/Ladanyi_Szava.pdf\" target=\"_blank\" rel=\"noreferrer noopener\">laud\u00e1ci\u00f3<\/a>)<\/span><\/p>\r\n<p><span style=\"font-family: verdana, geneva, sans-serif;\">\r\n\r\n<\/span><\/p>\r\n<p class=\"has-normal-font-size\"><span style=\"font-family: verdana, geneva, sans-serif;\"><strong>Papp Lilla Kata<\/strong> (<a href=\"https:\/\/simonyi.kre.hu\/wp-content\/uploads\/2023\/07\/Papp_Lilla_Kata.pdf\" target=\"_blank\" rel=\"noreferrer noopener\">laud\u00e1ci\u00f3<\/a>)<\/span><\/p>\r\n<p><span style=\"font-family: verdana, geneva, sans-serif;\">\r\n\r\n<\/span><\/p>\r\n<p class=\"has-normal-font-size\"><span style=\"font-family: verdana, geneva, sans-serif;\"><strong>Sz\u00e9kely \u00c1gnes<\/strong> (<a href=\"https:\/\/simonyi.kre.hu\/wp-content\/uploads\/2023\/07\/Szekely_Agnes.pdf\" target=\"_blank\" rel=\"noreferrer noopener\">laud\u00e1ci\u00f3<\/a>)<\/span><\/p>\r\n<p><span style=\"font-family: verdana, geneva, sans-serif;\">\r\n\r\n<\/span><\/p>\r\n<p class=\"has-small-font-size\">\u00a0<\/p>\r\n<p><span style=\"font-family: verdana, geneva, sans-serif;\">\r\n\r\n<div class=\"wp-block-image is-resized\"><\/span><\/p>\r\n<figure class=\"aligncenter size-medium\"><span style=\"font-family: verdana, geneva, sans-serif;\"><img loading=\"lazy\" decoding=\"async\" width=\"300\" height=\"287\" class=\"wp-image-974\" src=\"https:\/\/simonyi.kre.hu\/wp-content\/uploads\/2021\/07\/Simonyi_ermesek_2021-1-300x287.jpg\" alt=\"\" srcset=\"https:\/\/simonyi.kre.hu\/wp-content\/uploads\/2021\/07\/Simonyi_ermesek_2021-1-300x287.jpg 300w, https:\/\/simonyi.kre.hu\/wp-content\/uploads\/2021\/07\/Simonyi_ermesek_2021-1.jpg 693w\" sizes=\"auto, (max-width: 300px) 100vw, 300px\" \/><\/span><\/figure>\r\n<p><span style=\"font-family: verdana, geneva, sans-serif;\"><\/div>\r\n\r\n<\/span><\/p>\r\n<p><span style=\"font-family: verdana, geneva, sans-serif;\"><strong>Simonyi Zsigmond-serleg <\/strong>kit\u00fcntet\u00e9sben azok az iskol\u00e1k r\u00e9szes\u00fclnek, amelyekb\u0151l az \u00e9vek sor\u00e1n a legt\u00f6bb versenyz\u0151 jutott a d\u00f6nt\u0151be:<\/span><\/p>\r\n<p><span style=\"font-family: verdana, geneva, sans-serif;\">\r\n\r\n<\/span><\/p>\r\n<ul class=\"wp-block-list\">\r\n<li><span style=\"font-family: verdana, geneva, sans-serif;\">Bonyh\u00e1di \u00c1ltal\u00e1nos Iskola, Gimn\u00e1zium \u00e9s AMI (<a href=\"https:\/\/simonyi.kre.hu\/wp-content\/uploads\/2023\/07\/Bonyhadi_Altalanos_Iskola.pdf\" target=\"_blank\" rel=\"noreferrer noopener\">laud\u00e1ci\u00f3<\/a>)<\/span><\/li>\r\n\r\n\r\n\r\n<li><span style=\"font-family: verdana, geneva, sans-serif;\">Budapest XXIII. Ker\u00fcleti P\u00e1neur\u00f3pa \u00c1ltal\u00e1nos Iskola (<a href=\"https:\/\/simonyi.kre.hu\/wp-content\/uploads\/2023\/07\/Paneuropa_Altalanos_Iskola.pdf\" target=\"_blank\" rel=\"noreferrer noopener\">laud\u00e1ci\u00f3<\/a>)<\/span><\/li>\r\n\r\n\r\n\r\n<li><span style=\"font-family: verdana, geneva, sans-serif;\">Kazinczy Ferenc Gimn\u00e1zium \u00e9s Koll\u00e9gium, Gy\u0151r (<a href=\"https:\/\/simonyi.kre.hu\/wp-content\/uploads\/2023\/07\/Kazinczy_Ferenc_Gimnazium.pdf\" target=\"_blank\" rel=\"noreferrer noopener\">laud\u00e1ci\u00f3<\/a>)<\/span><\/li>\r\n\r\n\r\n\r\n<li><span style=\"font-family: verdana, geneva, sans-serif;\">K\u00f6lcsey Ferenc Reform\u00e1tus Gyakorl\u00f3 \u00c1ltal\u00e1nos Iskola, Debrecen (<a href=\"https:\/\/simonyi.kre.hu\/wp-content\/uploads\/2023\/07\/Kolcsey_Ferenc_Reformatus_Altalanos_Iskola.pdf\" target=\"_blank\" rel=\"noreferrer noopener\">laud\u00e1ci\u00f3<\/a>)<\/span><\/li>\r\n\r\n\r\n\r\n<li><span style=\"font-family: verdana, geneva, sans-serif;\">Sennyey Elza \u00c1ltal\u00e1nos Iskola, M\u00e1ndok (<a href=\"https:\/\/simonyi.kre.hu\/wp-content\/uploads\/2023\/07\/Sennyey_Elza_Altalanos_Iskola.pdf\" target=\"_blank\" rel=\"noreferrer noopener\">laud\u00e1ci\u00f3<\/a>)<\/span><\/li>\r\n<\/ul>\r\n<p><span style=\"font-family: verdana, geneva, sans-serif;\">\r\n\r\n<div class=\"wp-block-image is-resized\"><\/span><\/p>\r\n<figure class=\"aligncenter size-large\"><span style=\"font-family: verdana, geneva, sans-serif;\"><img loading=\"lazy\" decoding=\"async\" width=\"788\" height=\"590\" class=\"wp-image-979\" src=\"https:\/\/simonyi.kre.hu\/wp-content\/uploads\/2021\/07\/serleges_iskolak_2021-1.jpg\" alt=\"\" srcset=\"https:\/\/simonyi.kre.hu\/wp-content\/uploads\/2021\/07\/serleges_iskolak_2021-1.jpg 788w, https:\/\/simonyi.kre.hu\/wp-content\/uploads\/2021\/07\/serleges_iskolak_2021-1-300x225.jpg 300w, https:\/\/simonyi.kre.hu\/wp-content\/uploads\/2021\/07\/serleges_iskolak_2021-1-768x575.jpg 768w\" sizes=\"auto, (max-width: 767px) 89vw, (max-width: 1000px) 54vw, (max-width: 1071px) 543px, 580px\" \/><\/span><\/figure>\r\n<p><span style=\"font-family: verdana, geneva, sans-serif;\"><\/div>\r\n\r\n<\/span><\/p>\r\n<p><span style=\"font-family: verdana, geneva, sans-serif;\"><strong>Arany Oklev\u00e9l<\/strong> elismer\u00e9sben azok a magyar szakos tan\u00e1rok r\u00e9szes\u00fclnek, akiknek legal\u00e1bb 4 versenyz\u0151j\u00fck szerepelt m\u00e1r a d\u00f6nt\u0151kben:<\/span><\/p>\r\n<p><span style=\"font-family: verdana, geneva, sans-serif;\">\r\n\r\n<\/span><\/p>\r\n<ul id=\"block-16e905a4-1289-4716-a48f-6d7aa864cd25\" class=\"wp-block-list\">\r\n<li><span style=\"font-family: verdana, geneva, sans-serif;\">Bilicki Ren\u00e1ta (Thurz\u00f3 Lajos \u00c1ltal\u00e1nos Iskola, Zenta) (<a href=\"https:\/\/simonyi.kre.hu\/wp-content\/uploads\/2023\/07\/Bilicki_Renata.pdf\" target=\"_blank\" rel=\"noreferrer noopener\">laud\u00e1ci\u00f3<\/a>)<\/span><\/li>\r\n\r\n\r\n\r\n<li><span style=\"font-family: verdana, geneva, sans-serif;\">Kov\u00e1csn\u00e9 Zazravecz Ildik\u00f3 (Tarnam\u00e9rai \u00c1ltal\u00e1nos Iskola) (<a href=\"https:\/\/simonyi.kre.hu\/wp-content\/uploads\/2023\/07\/Kovacsne_Zazravecz_Ildiko.pdf\" target=\"_blank\" rel=\"noreferrer noopener\">laud\u00e1ci\u00f3<\/a>)<\/span><\/li>\r\n\r\n\r\n\r\n<li><span style=\"font-family: verdana, geneva, sans-serif;\">M\u00e9ry M\u00e1ria (Bart\u00f3k B\u00e9la Alapiskola, Nagymegyer) (<a href=\"https:\/\/simonyi.kre.hu\/wp-content\/uploads\/2023\/07\/Mery_Maria.pdf\" target=\"_blank\" rel=\"noreferrer noopener\">laud\u00e1ci\u00f3<\/a>)<\/span><\/li>\r\n\r\n\r\n\r\n<li><span style=\"font-family: verdana, geneva, sans-serif;\">Palatk\u00e1sn\u00e9 Kolnhofer Judit (\u00c1rp\u00e1d-h\u00e1zi Szent Margit \u00d3voda, \u00c1ltal\u00e1nos Iskola, Gimn\u00e1zium \u00e9s Koll\u00e9gium, K\u0151szeg) (<a href=\"https:\/\/simonyi.kre.hu\/wp-content\/uploads\/2023\/07\/Palatkasne_Kolnhofer_Judit.pdf\" target=\"_blank\" rel=\"noreferrer noopener\">laud\u00e1ci\u00f3<\/a>)<\/span><\/li>\r\n\r\n\r\n\r\n<li><span style=\"font-family: verdana, geneva, sans-serif;\">P\u00e9k-Torma Angelika (Sz\u00e9kesfeh\u00e9rv\u00e1ri T\u00e1ncsics Mih\u00e1ly \u00c1ltal\u00e1nos Iskola) (<a href=\"https:\/\/simonyi.kre.hu\/wp-content\/uploads\/2023\/07\/Pek_Torma_Angelika.pdf\" target=\"_blank\" rel=\"noreferrer noopener\">laud\u00e1ci\u00f3<\/a>)<\/span><\/li>\r\n\r\n\r\n\r\n<li><span style=\"font-family: verdana, geneva, sans-serif;\">Tam\u00e1s Anna-M\u00e1ria (Nagy M\u00f3zes Elm\u00e9leti L\u00edceum, K\u00e9zdiv\u00e1s\u00e1rhely) (<a href=\"https:\/\/simonyi.kre.hu\/wp-content\/uploads\/2023\/07\/Tamas_Anna_Maria.pdf\" target=\"_blank\" rel=\"noreferrer noopener\">laud\u00e1ci\u00f3<\/a>)<\/span><\/li>\r\n\r\n\r\n\r\n<li><span style=\"font-family: verdana, geneva, sans-serif;\">T\u00f3kos Ibolya Lujza (Sz\u00e9kely Mik\u00f3 Koll\u00e9gium, Sepsiszentgy\u00f6rgy) (<a href=\"https:\/\/simonyi.kre.hu\/wp-content\/uploads\/2023\/07\/Tokos_Ibolya_Lujza.pdf\" target=\"_blank\" rel=\"noreferrer noopener\">laud\u00e1ci\u00f3<\/a>)<\/span><\/li>\r\n<\/ul>\r\n<p><span style=\"font-family: verdana, geneva, sans-serif;\">\r\n\r\n<\/span><\/p>\r\n<p>&nbsp;<\/p>\r\n<p><span style=\"font-family: verdana, geneva, sans-serif;\">\r\n\r\n<\/span><\/p>\r\n<p><span style=\"font-family: verdana, geneva, sans-serif;\"><strong>Gy\u00e9m\u00e1nt Oklev\u00e9l<\/strong> elismer\u00e9sben azok a magyar szakos tan\u00e1rok r\u00e9szes\u00fclnek, akiknek legal\u00e1bb 12 versenyz\u0151j\u00fck szerepelt m\u00e1r a d\u00f6nt\u0151kben:<\/span><\/p>\r\n<p><span style=\"font-family: verdana, geneva, sans-serif;\">\r\n\r\n<\/span><\/p>\r\n<ul class=\"wp-block-list\">\r\n<li><span style=\"font-family: verdana, geneva, sans-serif;\">Nagy Majl\u00e1t \u00c1gota (Cs\u00e1ki Lajos \u00c1ltal\u00e1nos Iskola, Topolya<span style=\"font-size: revert;\">)<\/span> (<a href=\"https:\/\/simonyi.kre.hu\/wp-content\/uploads\/2023\/07\/Nagy_Majlat_Agota.pdf\" target=\"_blank\" rel=\"noreferrer noopener\" data-type=\"URL\">laud\u00e1ci\u00f3<\/a>)<\/span><\/li>\r\n<\/ul>\r\n<p><span style=\"font-family: verdana, geneva, sans-serif;\">\r\n\r\n<\/span><\/p>\r\n<p><span style=\"font-family: verdana, geneva, sans-serif;\"><strong>Gratul\u00e1lunk minden kit\u00fcntetettnek!<\/strong><\/span><\/p>\r\n<p><span style=\"font-family: verdana, geneva, sans-serif;\">\r\n\r\n<\/span><\/p>\r\n<p class=\"has-text-align-center\"><span style=\"font-family: verdana, geneva, sans-serif;\">&#8211; &#8211; &#8211; &#8211; o &#8211; &#8211; &#8211; &#8211;<\/span><\/p>\r\n<p><span style=\"font-family: verdana, geneva, sans-serif;\">\r\n\r\n<\/span><\/p>\r\n<p class=\"has-medium-font-size\"><span style=\"font-family: verdana, geneva, sans-serif;\"><strong>A d\u00f6nt\u0151 id\u0151pontja \u00e9s helysz\u00edne<\/strong><\/span><\/p>\r\n<p><span style=\"font-family: verdana, geneva, sans-serif;\">\r\n\r\n<\/span><\/p>\r\n<p><span style=\"font-family: verdana, geneva, sans-serif;\">2023. m\u00e1jus 20.<\/span><br \/><span style=\"font-family: verdana, geneva, sans-serif;\">K\u00e1roli G\u00e1sp\u00e1r Reform\u00e1tus Egyetem Pedag\u00f3giai Kar<\/span><br \/><span style=\"font-family: verdana, geneva, sans-serif;\">1042 Budapest, \u00c1rp\u00e1d \u00fat 161\u2013163.<\/span><\/p>\r\n<p><span style=\"font-family: verdana, geneva, sans-serif;\">\r\n\r\n<\/span><\/p>\r\n<p class=\"has-black-color has-text-color\"><span style=\"font-family: verdana, geneva, sans-serif;\"><strong><a href=\"https:\/\/simonyi.kre.hu\/wp-content\/uploads\/2023\/05\/simonyi_2023_programfuzet.pdf\" target=\"_blank\" rel=\"noreferrer noopener\">Programf\u00fczet<\/a><\/strong> <\/span><br \/><span style=\"font-family: verdana, geneva, sans-serif;\">A program online is k\u00f6vethet\u0151.<\/span><\/p>\r\n<p><span style=\"font-family: verdana, geneva, sans-serif;\">\r\n\r\n<\/span><\/p>\r\n<p><span style=\"font-family: verdana, geneva, sans-serif;\">R\u00e9szv\u00e9teli tan\u00fas\u00edtv\u00e1ny adatlap a szakmai konferenci\u00e1n val\u00f3 r\u00e9szv\u00e9telr\u0151l.<\/span><br \/><span style=\"font-family: verdana, geneva, sans-serif;\">A jelentkez\u00e9si adatlapot 2023. j\u00fanius 21-\u00e9n lez\u00e1rtuk.<\/span><\/p>\r\n<p><span style=\"font-family: verdana, geneva, sans-serif;\">\r\n\r\n<\/span><\/p>\r\n<p class=\"has-text-align-center\"><span style=\"font-family: verdana, geneva, sans-serif;\">&#8211; &#8211; &#8211; &#8211; o &#8211; &#8211; &#8211; &#8211;<\/span><\/p>\r\n<p><span style=\"font-family: verdana, geneva, sans-serif;\">\r\n\r\n<\/span><\/p>\r\n<p class=\"has-medium-font-size\"><span style=\"font-family: verdana, geneva, sans-serif;\"><strong>A 2. fordul\u00f3 eredm\u00e9nyei<\/strong><\/span><\/p>\r\n<p><span style=\"font-family: verdana, geneva, sans-serif;\">\r\n\r\n<\/span><\/p>\r\n<p><span style=\"font-family: verdana, geneva, sans-serif;\">Megsz\u00fclettek a magyarorsz\u00e1gi, az erd\u00e9lyi, a felvid\u00e9ki \u00e9s a vajdas\u00e1gi iskol\u00e1knak rendezett m\u00e1sodik versenyfordul\u00f3 v\u00e9gleges eredm\u00e9nyei. <\/span><br \/><span style=\"font-family: verdana, geneva, sans-serif;\">A versenyre 862 int\u00e9zm\u00e9nyb\u0151l 4 811 tanul\u00f3 jutott be. K\u00f6z\u00fcl\u00fck 4 643 f\u0151 vett r\u00e9szt a 2. fordul\u00f3ban.<\/span><\/p>\r\n<p><span style=\"font-family: verdana, geneva, sans-serif;\">\r\n\r\n<\/span><\/p>\r\n<p>&nbsp;<\/p>\r\n<p><span style=\"font-family: verdana, geneva, sans-serif;\">\r\n\r\n<\/span><\/p>\r\n<p><span style=\"font-family: verdana, geneva, sans-serif;\">Sz\u00edvb\u0151l gratul\u00e1lunk minden versenyz\u0151nek \u00e9s felk\u00e9sz\u00edt\u0151 tan\u00e1r\u00e1nak!<\/span><\/p>\r\n<p><span style=\"font-family: verdana, geneva, sans-serif;\">\r\n\r\n<\/span><\/p>\r\n<p><span style=\"font-family: verdana, geneva, sans-serif;\"><strong>5. \u00e9vfolyam<\/strong><\/span><\/p>\r\n<p><span style=\"font-family: verdana, geneva, sans-serif;\">\r\n\r\n<\/span><\/p>\r\n<p><span style=\"font-family: verdana, geneva, sans-serif;\">L\u00e9tsz\u00e1m: 1328 f\u0151<\/span><br \/><span style=\"font-family: verdana, geneva, sans-serif;\">\u00c1tlag: 86,73 pont<\/span><br \/><span style=\"font-family: verdana, geneva, sans-serif;\">Legjobb: 100,0 pont<\/span><br \/><span style=\"font-family: verdana, geneva, sans-serif;\">Legjobbak 95 pont f\u00f6l\u00f6tt: 58 f\u0151<\/span><br \/><span style=\"font-family: verdana, geneva, sans-serif;\">Legjobbak 90\u201395 pont k\u00f6z\u00f6tt: 395 f\u0151<\/span><br \/><span style=\"font-family: verdana, geneva, sans-serif;\">Legjobbak 85\u201390 pont k\u00f6z\u00f6tt: 446 f\u0151<\/span><br \/><span style=\"font-family: verdana, geneva, sans-serif;\">Tov\u00e1bbjut\u00f3k \u00e1tlaga: 96,29 pont<\/span><\/p>\r\n<p><span style=\"font-family: verdana, geneva, sans-serif;\">\r\n\r\n<\/span><\/p>\r\n<p class=\"has-normal-font-size\"><span style=\"font-family: verdana, geneva, sans-serif;\"><strong>6. \u00e9vfolyam<\/strong><\/span><\/p>\r\n<p><span style=\"font-family: verdana, geneva, sans-serif;\">\r\n\r\n<\/span><\/p>\r\n<p><span style=\"font-family: verdana, geneva, sans-serif;\">L\u00e9tsz\u00e1m: 1202 f\u0151<\/span><br \/><span style=\"font-family: verdana, geneva, sans-serif;\">\u00c1tlag: 77,60 pont<\/span><br \/><span style=\"font-family: verdana, geneva, sans-serif;\">Legjobb: 99,45 pont<\/span><br \/><span style=\"font-family: verdana, geneva, sans-serif;\">Legjobbak 95 pont f\u00f6l\u00f6tt: 17 f\u0151<\/span><br \/><span style=\"font-family: verdana, geneva, sans-serif;\">Legjobbak 90\u201395 pont k\u00f6z\u00f6tt: 62 f\u0151<\/span><br \/><span style=\"font-family: verdana, geneva, sans-serif;\">Legjobbak 85\u201390 pont k\u00f6z\u00f6tt: 171 f\u0151<\/span><br \/><span style=\"font-family: verdana, geneva, sans-serif;\">Tov\u00e1bbjut\u00f3k \u00e1tlaga: 93,61 pont<\/span><\/p>\r\n<p><span style=\"font-family: verdana, geneva, sans-serif;\">\r\n\r\n<\/span><\/p>\r\n<p><span style=\"font-family: verdana, geneva, sans-serif;\"><strong>7. \u00e9vfolyam<\/strong><\/span><\/p>\r\n<p><span style=\"font-family: verdana, geneva, sans-serif;\">\r\n\r\n<\/span><\/p>\r\n<p><span style=\"font-family: verdana, geneva, sans-serif;\">L\u00e9tsz\u00e1m: 1082 f\u0151<\/span><br \/><span style=\"font-family: verdana, geneva, sans-serif;\">\u00c1tlag: 79,91 pont<\/span><br \/><span style=\"font-family: verdana, geneva, sans-serif;\">Legjobb: 98,67 pont<\/span><br \/><span style=\"font-family: verdana, geneva, sans-serif;\">Legjobbak 95 pont f\u00f6l\u00f6tt: 26 f\u0151<\/span><br \/><span style=\"font-family: verdana, geneva, sans-serif;\">Legjobbak 90\u201395 pont k\u00f6z\u00f6tt: 135 f\u0151<\/span><br \/><span style=\"font-family: verdana, geneva, sans-serif;\">Legjobbak 85\u201390 pont k\u00f6z\u00f6tt: 192 f\u0151<\/span><br \/><span style=\"font-family: verdana, geneva, sans-serif;\">Tov\u00e1bbjut\u00f3k \u00e1tlaga: 94,85 pont<\/span><\/p>\r\n<p><span style=\"font-family: verdana, geneva, sans-serif;\">\r\n\r\n<\/span><\/p>\r\n<p><span style=\"font-family: verdana, geneva, sans-serif;\"><strong>8. \u00e9vfolyam<\/strong><\/span><\/p>\r\n<p><span style=\"font-family: verdana, geneva, sans-serif;\">\r\n\r\n<\/span><\/p>\r\n<p><span style=\"font-family: verdana, geneva, sans-serif;\">L\u00e9tsz\u00e1m: 1031 f\u0151<\/span><br \/><span style=\"font-family: verdana, geneva, sans-serif;\">\u00c1tlag: 80,19 pont<\/span><br \/><span style=\"font-family: verdana, geneva, sans-serif;\">Legjobb: 98,44 pont<\/span><br \/><span style=\"font-family: verdana, geneva, sans-serif;\">Legjobbak 95 pont f\u00f6l\u00f6tt: 17 f\u0151<\/span><br \/><span style=\"font-family: verdana, geneva, sans-serif;\">Legjobbak 90\u201395 pont k\u00f6z\u00f6tt: 98 f\u0151<\/span><br \/><span style=\"font-family: verdana, geneva, sans-serif;\">Legjobbak 85\u201390 pont k\u00f6z\u00f6tt: 197 f\u0151<\/span><br \/><span style=\"font-family: verdana, geneva, sans-serif;\">Tov\u00e1bbjut\u00f3k \u00e1tlaga: 93,72 pont<\/span><\/p>\r\n<p><span style=\"font-family: verdana, geneva, sans-serif;\">\r\n\r\n<\/span><\/p>\r\n<p><span style=\"font-family: verdana, geneva, sans-serif;\">A versenyz\u0151k szem\u00e9ly szerint el\u00e9rt eredm\u00e9ny\u00e9t minden int\u00e9zm\u00e9ny, illetve iskolai kapcsolattart\u00f3 megkapta \u00edm\u00e9lben.<\/span><\/p>\r\n<p><span style=\"font-family: verdana, geneva, sans-serif;\">\r\n\r\n<\/span><\/p>\r\n<p><span style=\"font-family: verdana, geneva, sans-serif;\">A d\u00f6nt\u0151be jutott versenyz\u0151ket k\u00fcl\u00f6n \u00edm\u00e9lben \u00e9rtes\u00edtett\u00fck.<\/span><\/p>\r\n<p><span style=\"font-family: verdana, geneva, sans-serif;\">\r\n\r\n<\/span><\/p>\r\n<p class=\"has-text-align-center\"><span style=\"font-family: verdana, geneva, sans-serif;\">&#8211; &#8211; &#8211; &#8211; o &#8211; &#8211; &#8211; &#8211;<\/span><\/p>\r\n<p><span style=\"font-family: verdana, geneva, sans-serif;\">\r\n\r\n<\/span><\/p>\r\n<p class=\"has-medium-font-size\"><span style=\"font-family: verdana, geneva, sans-serif;\"><strong>A verseny 2. fordul\u00f3j\u00e1nak id\u0151pontja<\/strong><\/span><\/p>\r\n<p><span style=\"font-family: verdana, geneva, sans-serif;\">\r\n\r\n<\/span><\/p>\r\n<p><span style=\"font-family: verdana, geneva, sans-serif;\">5\u20136. \u00e9vfolyam: <strong>2023. \u00e1prilis 26. 14:00 \u00f3ra<\/strong> <\/span><br \/><span style=\"font-family: verdana, geneva, sans-serif;\">7\u20138. \u00e9vfolyam:<strong> 2023. \u00e1prilis 26. 15:00 \u00f3ra<\/strong><\/span><\/p>\r\n<p><span style=\"font-family: verdana, geneva, sans-serif;\">\r\n\r\n<\/span><\/p>\r\n<p><span style=\"font-family: verdana, geneva, sans-serif;\">A versenyfel\u00fcletet a kezd\u00e9s el\u0151tt 30 perccel kor\u00e1bban nyitjuk meg, \u00e9s 30 perccel a befejez\u00e9s ut\u00e1n z\u00e1rjuk be.<\/span><\/p>\r\n<p><span style=\"font-family: verdana, geneva, sans-serif;\">\r\n\r\n<\/span><\/p>\r\n<p><span style=\"font-family: verdana, geneva, sans-serif;\">Helysz\u00edn: a versenyz\u0151 saj\u00e1t iskol\u00e1ja.<\/span><\/p>\r\n<p><span style=\"font-family: verdana, geneva, sans-serif;\">\r\n\r\n<\/span><\/p>\r\n<p><span style=\"font-family: verdana, geneva, sans-serif;\">A versenyfel\u00fclet csak pontosan be\u00edrt adatokkal nyithat\u00f3 meg, a szerver el\u00e9rhet\u0151s\u00e9ge \u00e9s a bel\u00e9p\u00e9si adatok (felhaszn\u00e1l\u00f3n\u00e9v \u00e9s jelsz\u00f3) v\u00e1ltozatlanok minden versenyz\u0151 sz\u00e1m\u00e1ra.<\/span><\/p>\r\n<p><span style=\"font-family: verdana, geneva, sans-serif;\">\r\n\r\n<\/span><\/p>\r\n<p><span style=\"font-family: verdana, geneva, sans-serif;\">Feladatlapok megtekint\u00e9se: \u00e1prilis 28. 14:00\u201316:00 \u00f3ra. <\/span><br \/><span style=\"font-family: verdana, geneva, sans-serif;\">A jav\u00edt\u00e1ssal kapcsolatos \u00e9szrev\u00e9teleiket \u00e1prilis 30-\u00e1n \u00e9jf\u00e9lig v\u00e1rjuk a <a href=\"mailto:pk.simonyi-verseny@kre.hu\">pk.simonyi-verseny@kre.hu<\/a> c\u00edmen.<\/span><\/p>\r\n<p><span style=\"font-family: verdana, geneva, sans-serif;\">\r\n\r\n<\/span><\/p>\r\n<p class=\"has-text-align-center\"><span style=\"font-family: verdana, geneva, sans-serif;\">&#8211; &#8211; &#8211; &#8211; o &#8211; &#8211; &#8211; &#8211;<\/span><\/p>\r\n<p><span style=\"font-family: verdana, geneva, sans-serif;\">\r\n\r\n<\/span><\/p>\r\n<p class=\"has-medium-font-size\"><span style=\"font-family: verdana, geneva, sans-serif;\"><strong>Tov\u00e1bbk\u00e9pz\u00e9s<\/strong><\/span><\/p>\r\n<p><span style=\"font-family: verdana, geneva, sans-serif;\">\r\n\r\n<\/span><\/p>\r\n<p><span style=\"font-family: verdana, geneva, sans-serif;\">2023. \u00e1prilis 13-\u00e1n sikeresen lezajlott a Simonyi-tov\u00e1bbk\u00e9pz\u00e9s \u00fajabb el\u0151ad\u00e1sa, amelyet dr. Szab\u00f3 Ildik\u00f3 \u00e9s dr. Szinger Veronika tartott <em>Kinek a feladata? \u2013 Az \u00f6ssztant\u00e1rgyi olvas\u00e1sfejleszt\u00e9s kih\u00edv\u00e1sai a pedag\u00f3gusk\u00e9pz\u00e9sben <\/em>c\u00edmmel.<\/span><\/p>\r\n<p><span style=\"font-family: verdana, geneva, sans-serif;\">\r\n\r\n<\/span><\/p>\r\n<p><span style=\"font-family: verdana, geneva, sans-serif;\">Az el\u0151ad\u00e1s felv\u00e9tele honlapunkon a <a href=\"https:\/\/simonyi.kre.hu\/?page_id=1277\">Tov\u00e1bbk\u00e9pz\u00e9s<\/a> men\u00fcpontban \u00e9rhet\u0151 el.<\/span><\/p>\r\n<p><span style=\"font-family: verdana, geneva, sans-serif;\">\r\n\r\n<\/span><\/p>\r\n<p class=\"has-text-align-center\"><span style=\"font-family: verdana, geneva, sans-serif;\">&#8211; &#8211; &#8211; &#8211; o &#8211; &#8211; &#8211; &#8211;<\/span><\/p>\r\n<p><span style=\"font-family: verdana, geneva, sans-serif;\">\r\n\r\n<\/span><\/p>\r\n<p class=\"has-medium-font-size\"><span style=\"font-family: verdana, geneva, sans-serif;\"><strong>Az 1. fordul\u00f3 eredm\u00e9nyei<\/strong><\/span><\/p>\r\n<p><span style=\"font-family: verdana, geneva, sans-serif;\">\r\n\r\n<\/span><\/p>\r\n<p><span style=\"font-family: verdana, geneva, sans-serif;\">Megsz\u00fclettek a magyarorsz\u00e1gi, a felvid\u00e9ki, a k\u00e1rp\u00e1taljai \u00e9s a vajdas\u00e1gi iskol\u00e1knak rendezett versenyfordul\u00f3 v\u00e9gleges eredm\u00e9nyei. A versenyre 1066 int\u00e9zm\u00e9nyb\u0151l 20 897 tanul\u00f3 jelentkezett. Az els\u0151 fordul\u00f3ban 16 165 f\u0151 vett r\u00e9szt .<\/span><\/p>\r\n<p><span style=\"font-family: verdana, geneva, sans-serif;\">\r\n\r\n<\/span><\/p>\r\n<p>&nbsp;<\/p>\r\n<p><span style=\"font-family: verdana, geneva, sans-serif;\">\r\n\r\n<\/span><\/p>\r\n<p><span style=\"font-family: verdana, geneva, sans-serif;\">Sz\u00edvb\u0151l gratul\u00e1lunk minden versenyz\u0151nek \u00e9s felk\u00e9sz\u00edt\u0151 tan\u00e1r\u00e1nak!<\/span><\/p>\r\n<p><span style=\"font-family: verdana, geneva, sans-serif;\">\r\n\r\n<\/span><\/p>\r\n<p><span style=\"font-family: verdana, geneva, sans-serif;\"><strong>5. \u00e9vfolyam<\/strong><\/span><\/p>\r\n<p><span style=\"font-family: verdana, geneva, sans-serif;\">\r\n\r\n<\/span><\/p>\r\n<p><span style=\"font-family: verdana, geneva, sans-serif;\">L\u00e9tsz\u00e1m: 4687 f\u0151<\/span><br \/><span style=\"font-family: verdana, geneva, sans-serif;\">\u00c1tlag: 72,05 pont<\/span><br \/><span style=\"font-family: verdana, geneva, sans-serif;\">Legjobb: 99,25 pont<\/span><br \/><span style=\"font-family: verdana, geneva, sans-serif;\">Legjobbak 90 pont f\u00f6l\u00f6tt: 263 f\u0151<\/span><br \/><span style=\"font-family: verdana, geneva, sans-serif;\">Legjobbak 80\u201390 pont k\u00f6z\u00f6tt: 1057 f\u0151<\/span><br \/><span style=\"font-family: verdana, geneva, sans-serif;\">Tov\u00e1bbjut\u00f3k \u00e1tlaga: 85,64 pont<\/span><\/p>\r\n<p><span style=\"font-family: verdana, geneva, sans-serif;\">\r\n\r\n<\/span><\/p>\r\n<p class=\"has-normal-font-size\"><span style=\"font-family: verdana, geneva, sans-serif;\"><strong>6. \u00e9vfolyam<\/strong><\/span><\/p>\r\n<p><span style=\"font-family: verdana, geneva, sans-serif;\">\r\n\r\n<\/span><\/p>\r\n<p><span style=\"font-family: verdana, geneva, sans-serif;\">L\u00e9tsz\u00e1m: 4159 f\u0151<\/span><br \/><span style=\"font-family: verdana, geneva, sans-serif;\">\u00c1tlag: 70,45 pont<\/span><br \/><span style=\"font-family: verdana, geneva, sans-serif;\">Legjobb: 100,0 pont<\/span><br \/><span style=\"font-family: verdana, geneva, sans-serif;\">Legjobbak 90 pont f\u00f6l\u00f6tt: 292 f\u0151<\/span><br \/><span style=\"font-family: verdana, geneva, sans-serif;\">Legjobbak 80\u201390 pont k\u00f6z\u00f6tt: 800 f\u0151<\/span><br \/><span style=\"font-family: verdana, geneva, sans-serif;\">Tov\u00e1bbjut\u00f3k \u00e1tlaga: 85,81 pont<\/span><\/p>\r\n<p><span style=\"font-family: verdana, geneva, sans-serif;\">\r\n\r\n<\/span><\/p>\r\n<p><span style=\"font-family: verdana, geneva, sans-serif;\"><strong>7. \u00e9vfolyam<\/strong><\/span><\/p>\r\n<p><span style=\"font-family: verdana, geneva, sans-serif;\">\r\n\r\n<\/span><\/p>\r\n<p><span style=\"font-family: verdana, geneva, sans-serif;\">L\u00e9tsz\u00e1m: 3930 f\u0151<\/span><br \/><span style=\"font-family: verdana, geneva, sans-serif;\">\u00c1tlag: 61,89 pont<\/span><br \/><span style=\"font-family: verdana, geneva, sans-serif;\">Legjobb: 99,5 pont<\/span><br \/><span style=\"font-family: verdana, geneva, sans-serif;\">Legjobbak 90 pont f\u00f6l\u00f6tt: 131 f\u0151<\/span><br \/><span style=\"font-family: verdana, geneva, sans-serif;\">Legjobbak 80\u201390 pont k\u00f6z\u00f6tt: 412 f\u0151<\/span><br \/><span style=\"font-family: verdana, geneva, sans-serif;\">Tov\u00e1bbjut\u00f3k \u00e1tlaga: 80,31 pont<\/span><\/p>\r\n<p><span style=\"font-family: verdana, geneva, sans-serif;\">\r\n\r\n<\/span><\/p>\r\n<p><span style=\"font-family: verdana, geneva, sans-serif;\"><strong>8. \u00e9vfolyam<\/strong><\/span><\/p>\r\n<p><span style=\"font-family: verdana, geneva, sans-serif;\">\r\n\r\n<\/span><\/p>\r\n<p><span style=\"font-family: verdana, geneva, sans-serif;\">L\u00e9tsz\u00e1m: 3391 f\u0151<\/span><br \/><span style=\"font-family: verdana, geneva, sans-serif;\">\u00c1tlag: 70,28 pont<\/span><br \/><span style=\"font-family: verdana, geneva, sans-serif;\">Legjobb: 99,27 pont<\/span><br \/><span style=\"font-family: verdana, geneva, sans-serif;\">Legjobbak 90 pont f\u00f6l\u00f6tt: 141 f\u0151<\/span><br \/><span style=\"font-family: verdana, geneva, sans-serif;\">Legjobbak 80\u201390 pont k\u00f6z\u00f6tt: 652 f\u0151<\/span><br \/><span style=\"font-family: verdana, geneva, sans-serif;\">Tov\u00e1bbjut\u00f3k \u00e1tlaga: 83,67 pont<\/span><\/p>\r\n<p><span style=\"font-family: verdana, geneva, sans-serif;\">\r\n\r\n<\/span><\/p>\r\n<p><span style=\"font-family: verdana, geneva, sans-serif;\">A versenyz\u0151k szem\u00e9ly szerint el\u00e9rt eredm\u00e9ny\u00e9t minden int\u00e9zm\u00e9ny, illetve iskolai kapcsolattart\u00f3 megkapta \u00edm\u00e9lben, amely a tov\u00e1bbjut\u00f3kat is tartalmazta.<\/span><\/p>\r\n<p><span style=\"font-family: verdana, geneva, sans-serif;\">\r\n\r\n<\/span><\/p>\r\n<p class=\"has-text-align-center\"><span style=\"font-family: verdana, geneva, sans-serif;\">&#8211; &#8211; &#8211; &#8211; o &#8211; &#8211; &#8211; &#8211;<\/span><\/p>\r\n<p><span style=\"font-family: verdana, geneva, sans-serif;\">\r\n\r\n<\/span><\/p>\r\n<p id=\"block-a46eb818-e8e5-4fc4-b4b2-784c240223e7\" class=\"has-medium-font-size\"><span style=\"font-family: verdana, geneva, sans-serif;\"><strong>Lez\u00e1rult az 1. fordul\u00f3<\/strong><\/span><\/p>\r\n<p><span style=\"font-family: verdana, geneva, sans-serif;\">\r\n\r\n<\/span><\/p>\r\n<p><span style=\"font-family: verdana, geneva, sans-serif;\">A feladatlapok megtekint\u00e9se az al\u00e1bbi id\u0151pontokban lehets\u00e9ges:<\/span><br \/><span style=\"font-family: verdana, geneva, sans-serif;\">5. \u00e9vfolyam: m\u00e1rcius 29. 14:00\u201315:00 \u00f3ra<\/span><br \/><span style=\"font-family: verdana, geneva, sans-serif;\">6. \u00e9vfolyam: m\u00e1rcius 29. 15:00\u201316:00 \u00f3ra<\/span><br \/><span style=\"font-family: verdana, geneva, sans-serif;\">7. \u00e9vfolyam: m\u00e1rcius 30. 14:00\u201315:00 \u00f3ra<\/span><br \/><span style=\"font-family: verdana, geneva, sans-serif;\">8. \u00e9vfolyam: m\u00e1rcius 30. 15:00\u201316:00 \u00f3ra<\/span><\/p>\r\n<p><span style=\"font-family: verdana, geneva, sans-serif;\">\r\n\r\n<\/span><\/p>\r\n<p><span style=\"font-family: verdana, geneva, sans-serif;\">A versenyfel\u00fclet csak pontosan be\u00edrt adatokkal nyithat\u00f3 meg, a szerver el\u00e9rhet\u0151s\u00e9ge \u00e9s a bel\u00e9p\u00e9si adatok (felhaszn\u00e1l\u00f3n\u00e9v \u00e9s jelsz\u00f3) v\u00e1ltozatlanok minden versenyz\u0151 sz\u00e1m\u00e1ra.<\/span><\/p>\r\n<p><span style=\"font-family: verdana, geneva, sans-serif;\">\r\n\r\n<\/span><\/p>\r\n<p><span style=\"font-family: verdana, geneva, sans-serif;\">A jav\u00edt\u00e1ssal kapcsolatos \u00e9szrev\u00e9teleiket \u00e1prilis 3-\u00e1n \u00e9jf\u00e9lig v\u00e1rjuk a <a href=\"mailto:pk.simonyi-verseny@kre.hu\">pk.simonyi-verseny@kre.hu<\/a> c\u00edmen.<\/span><\/p>\r\n<p><span style=\"font-family: verdana, geneva, sans-serif;\">\r\n\r\n<\/span><\/p>\r\n<p><span style=\"font-family: verdana, geneva, sans-serif;\">A tov\u00e1bbjut\u00f3kr\u00f3l \u00e1prilis 6-\u00e1n k\u00fcld\u00fcnk \u00e9rtes\u00edt\u00e9st.<\/span><\/p>\r\n<p><span style=\"font-family: verdana, geneva, sans-serif;\">\r\n\r\n<\/span><\/p>\r\n<p class=\"has-text-align-center\"><span style=\"font-family: verdana, geneva, sans-serif;\">&#8211; &#8211; &#8211; &#8211; o &#8211; &#8211; &#8211; &#8211;<\/span><\/p>\r\n<p><span style=\"font-family: verdana, geneva, sans-serif;\">\r\n\r\n<\/span><\/p>\r\n<p class=\"has-medium-font-size\"><span style=\"font-family: verdana, geneva, sans-serif;\"><strong>Indul a verseny\u2026<\/strong><\/span><\/p>\r\n<p><span style=\"font-family: verdana, geneva, sans-serif;\">\r\n\r\n<\/span><\/p>\r\n<p><span style=\"font-family: verdana, geneva, sans-serif;\">A versenyki\u00edr\u00e1snak megfelel\u0151en az 1. fordul\u00f3 id\u0151pontja:<\/span><\/p>\r\n<p><span style=\"font-family: verdana, geneva, sans-serif;\">\r\n\r\n<\/span><\/p>\r\n<p><span style=\"font-family: verdana, geneva, sans-serif;\">\u2013 az <span class=\"has-inline-color\" style=\"color: #043098;\"><strong>erd\u00e9lyi<\/strong> <\/span>versenyz\u0151k sz\u00e1m\u00e1ra 2023. m\u00e1rcius 4. (szombat),<\/span><\/p>\r\n<p><span style=\"font-family: verdana, geneva, sans-serif;\">\r\n\r\n<\/span><\/p>\r\n<p><span style=\"font-family: verdana, geneva, sans-serif;\">\u2013 a <strong><span class=\"has-inline-color\" style=\"color: #043098;\">magyarorsz\u00e1gi<\/span><\/strong>, a <strong><span class=\"has-inline-color\" style=\"color: #043098;\">felvid\u00e9ki<\/span><\/strong>, a <strong><span class=\"has-inline-color\" style=\"color: #043098;\">k\u00e1rp\u00e1taljai <\/span><\/strong>\u00e9s a <strong><span class=\"has-inline-color\" style=\"color: #043098;\">vajdas\u00e1gi <\/span><\/strong>versenyz\u0151k sz\u00e1m\u00e1ra 2023. m\u00e1rcius 22\u201323. (szerda \u00e9s cs\u00fct\u00f6rt\u00f6k).<\/span><\/p>\r\n<p><span style=\"font-family: verdana, geneva, sans-serif;\">\r\n\r\n<\/span><\/p>\r\n<p><span style=\"font-family: verdana, geneva, sans-serif;\">A digit\u00e1lis fordul\u00f3t megel\u0151z\u0151en versenyt\u00e1j\u00e9koztat\u00f3t tartunk a tan\u00e1r koll\u00e9g\u00e1knak 2023. m\u00e1rcius 9-\u00e9n magyarorsz\u00e1gi id\u0151 szerint 14:30-kor <em><a href=\"https:\/\/simonyi.kre.hu\/wp-content\/uploads\/2023\/03\/Simonyi_tajekoztato_20230309.mp4\" target=\"_blank\" rel=\"noreferrer noopener\"><em>A<\/em>\u00a0digit\u00e1lis<em> versenyz\u00e9s kih\u00edv\u00e1sai<\/em><\/a><\/em> c\u00edmmel.<\/span><br \/><span style=\"font-family: verdana, geneva, sans-serif;\">2023. m\u00e1rcius 16-\u00e1n \u00e9s 17-\u00e9n 14:00 \u00e9s 16:00 \u00f3ra k\u00f6z\u00f6tt gyakorl\u00e1si lehet\u0151s\u00e9get biztos\u00edtunk a versenyz\u0151 di\u00e1koknak a verseny digit\u00e1lis platformj\u00e1n. <\/span><br \/><span style=\"font-family: verdana, geneva, sans-serif;\">A r\u00e9szletekr\u0151l \u00edm\u00e9lben id\u0151ben t\u00e1j\u00e9koztatjuk a koll\u00e9g\u00e1kat.<\/span><\/p>\r\n<p><span style=\"font-family: verdana, geneva, sans-serif;\">\r\n\r\n<\/span><\/p>\r\n<p class=\"has-text-align-center\"><span style=\"font-family: verdana, geneva, sans-serif;\">&#8211; &#8211; &#8211; &#8211; o &#8211; &#8211; &#8211; &#8211;<\/span><\/p>\r\n<p><span style=\"font-family: verdana, geneva, sans-serif;\">\r\n\r\n<\/span><\/p>\r\n<p class=\"has-medium-font-size\"><span style=\"font-family: verdana, geneva, sans-serif;\"><strong>Lez\u00e1rult a jelentkez\u00e9s a helyes\u00edr\u00e1si versenyre<\/strong><\/span><\/p>\r\n<p><span style=\"font-family: verdana, geneva, sans-serif;\">\r\n\r\n<\/span><\/p>\r\n<p><span style=\"font-family: verdana, geneva, sans-serif;\">Tisztelt Koll\u00e9g\u00e1k!<\/span><br \/><span style=\"font-family: verdana, geneva, sans-serif;\">Kedves Versenyz\u0151k!<\/span><\/p>\r\n<p><span style=\"font-family: verdana, geneva, sans-serif;\">\r\n\r\n<\/span><\/p>\r\n<p><span style=\"font-family: verdana, geneva, sans-serif;\">A XXVI. Simonyi Zsigmond K\u00e1rp\u00e1t-medencei <strong>helyes\u00edr\u00e1si<\/strong> versenyre lez\u00e1rtuk a jelentkez\u00e9st.<\/span><\/p>\r\n<p><span style=\"font-family: verdana, geneva, sans-serif;\">\r\n\r\n<\/span><\/p>\r\n<p><span style=\"font-family: verdana, geneva, sans-serif;\">A nevez\u0151 int\u00e9zm\u00e9nyek sz\u00e1ma:\u00a0 1189 iskola.<\/span><\/p>\r\n<p><span style=\"font-family: verdana, geneva, sans-serif;\">\r\n\r\n<\/span><\/p>\r\n<p><span style=\"font-family: verdana, geneva, sans-serif;\">A nevezett tanul\u00f3k sz\u00e1ma:\u00a0 21 916 f\u0151.<\/span><\/p>\r\n<p><span style=\"font-family: verdana, geneva, sans-serif;\">\r\n\r\n<\/span><\/p>\r\n<p><span style=\"font-family: verdana, geneva, sans-serif;\">A nevez\u00e9si adatokat \u00edm\u00e9lben igazoljuk vissza janu\u00e1r 25-\u00e9n a regisztr\u00e1ci\u00f3s fel\u00fcleten megadott int\u00e9zm\u00e9nyi \u00e9s kapcsolattart\u00f3i \u00edm\u00e9lc\u00edmekre. K\u00e9rj\u00fck, hogy akihez nem jut el a level\u00fcnk, \u00edm\u00e9lben felt\u00e9tlen\u00fcl vegye fel a versenyszervez\u0151kkel a kapcsolatot a <a href=\"mailto:pk.simonyi-verseny@kre.hu\">pk.simonyi-verseny@kre.hu<\/a> c\u00edmen.<\/span><\/p>\r\n<p><span style=\"font-family: verdana, geneva, sans-serif;\">\r\n\r\n<\/span><\/p>\r\n<p><span style=\"font-family: verdana, geneva, sans-serif;\">K\u00f6sz\u00f6nj\u00fck jelentkez\u00e9s\u00fcket!<\/span><\/p>\r\n<p><span style=\"font-family: verdana, geneva, sans-serif;\">\r\n\r\n<\/span><\/p>\r\n<p class=\"has-text-align-center\"><span style=\"font-family: verdana, geneva, sans-serif;\">&#8211; &#8211; &#8211; &#8211; o &#8211; &#8211; &#8211; &#8211;<\/span><\/p>\r\n<p><span style=\"font-family: verdana, geneva, sans-serif;\">\r\n\r\n<\/span><\/p>\r\n<p class=\"has-text-align-center\"><span style=\"font-family: verdana, geneva, sans-serif;\"><strong><span class=\"has-inline-color has-vivid-red-color\">Meghosszab\u00edtottuk a Simonyi-verseny jelentkez\u00e9si hat\u00e1ridej\u00e9t 2023. janu\u00e1r 22-ig!<\/span><\/strong><\/span><\/p>\r\n<p><span style=\"font-family: verdana, geneva, sans-serif;\">\r\n\r\n<\/span><\/p>\r\n<p class=\"has-text-align-center\"><span style=\"font-family: verdana, geneva, sans-serif;\">&#8211; &#8211; &#8211; &#8211; o &#8211; &#8211; &#8211; &#8211;<\/span><\/p>\r\n<p><span style=\"font-family: verdana, geneva, sans-serif;\">\r\n\r\n<\/span><\/p>\r\n<p class=\"has-text-align-center\"><span style=\"font-family: verdana, geneva, sans-serif;\"><strong>A Simonyi helyes\u00edr\u00e1si verseny 25 \u00e9v\u00e9nek eml\u00e9kezetes pillanatai<\/strong><\/span><\/p>\r\n<p><span style=\"font-family: verdana, geneva, sans-serif;\">\r\n\r\n<\/span><\/p>\r\n<p><span style=\"font-family: verdana, geneva, sans-serif;\">A fenti c\u00edmmel olvashat\u00f3 Antaln\u00e9 Szab\u00f3 \u00c1gnes, a verseny alap\u00edt\u00f3 szervez\u0151j\u00e9nek \u00edr\u00e1sa az Anyanyelv-pedag\u00f3gia leg\u00fajabb, 2022\/3. sz\u00e1m\u00e1ban.<\/span><br \/><span style=\"font-family: verdana, geneva, sans-serif;\">K\u00f6sz\u00f6net \u00e9rte az \u201e\u00f6reg simonyisoknak\u201d!<\/span><\/p>\r\n<p><span style=\"font-family: verdana, geneva, sans-serif;\">\r\n\r\n<\/span><\/p>\r\n<p><span style=\"font-family: verdana, geneva, sans-serif;\"><a href=\"https:\/\/www.anyanyelv-pedagogia.hu\/cikkek.php?id=979\" target=\"_blank\" rel=\"noreferrer noopener\">https:\/\/www.anyanyelv-pedagogia.hu\/cikkek.php?id=979<\/a><\/span><\/p>\r\n<p><span style=\"font-family: verdana, geneva, sans-serif;\">\r\n\r\n<\/span><\/p>\r\n<p id=\"block-a46eb818-e8e5-4fc4-b4b2-784c240223e7\" class=\"has-text-align-center has-medium-font-size\"><span style=\"font-family: verdana, geneva, sans-serif;\">&#8211; &#8211; &#8211; &#8211; o &#8211; &#8211; &#8211; &#8211;<\/span><\/p>\r\n<p><span style=\"font-family: verdana, geneva, sans-serif;\">\r\n\r\n<\/span><\/p>\r\n<p id=\"block-a46eb818-e8e5-4fc4-b4b2-784c240223e7\" class=\"has-medium-font-size\"><span style=\"font-family: verdana, geneva, sans-serif;\"><strong>Elindult a jelentkez\u00e9s<\/strong><\/span><\/p>\r\n<p><span style=\"font-family: verdana, geneva, sans-serif;\">\r\n\r\n<\/span><\/p>\r\n<p><span style=\"font-family: verdana, geneva, sans-serif;\">Tisztelt Koll\u00e9g\u00e1k, kedves \u00c9rdekl\u0151d\u0151k \u00e9s leend\u0151 Versenyz\u0151k!<\/span><\/p>\r\n<p><span style=\"font-family: verdana, geneva, sans-serif;\">\r\n\r\n<\/span><\/p>\r\n<p><span style=\"font-family: verdana, geneva, sans-serif;\">November 1-j\u00e9t\u0151l honlapunk <strong><a href=\"https:\/\/simonyi.kre.hu\/?page_id=1671\">Regisztr\u00e1ci\u00f3 <\/a><\/strong>men\u00fcpontj\u00e1ban v\u00e1rjuk jelentkez\u00e9s\u00fcket a 2022\/23. tan\u00e9vben meghirdetett versenyre. A jelentkez\u00e9s 2023. janu\u00e1r 15-\u00e9n z\u00e1rul. Azt k\u00f6vet\u0151en vessz\u00fck fel int\u00e9zm\u00e9ny\u00fckkel \u00e9s az int\u00e9zm\u00e9nyt k\u00e9pvisel\u0151 versenyszervez\u0151 koll\u00e9g\u00e1val \u00edm\u00e9lben a kapcsolatot.<\/span><br \/><span style=\"font-family: verdana, geneva, sans-serif;\">Ne feledkezzenek meg az adatv\u00e9delmi hozz\u00e1j\u00e1rul\u00f3 nyilatkozatok kit\u00f6lt\u00e9s\u00e9r\u0151l \u00e9s visszak\u00fcld\u00e9s\u00e9r\u0151l! A tudnival\u00f3kr\u00f3l b\u0151vebben a <strong><a href=\"https:\/\/simonyi.kre.hu\/?page_id=1671\">Regisztr\u00e1ci\u00f3 2022\/23<\/a><\/strong> oldalon az <strong>Adatv\u00e9delem\/Inform\u00e1ci\u00f3 <\/strong>alatt olvashatnak.<\/span><\/p>\r\n<p><span style=\"font-family: verdana, geneva, sans-serif;\">\r\n\r\n<\/span><\/p>\r\n<p><span style=\"font-family: verdana, geneva, sans-serif;\"><strong>Online szakmai megnyit\u00f3 november 9-\u00e9n<\/strong>.<\/span><br \/><span style=\"font-family: verdana, geneva, sans-serif;\"><a href=\"https:\/\/simonyi.kre.hu\/wp-content\/uploads\/2022\/10\/Simonyi-indulo-Meghivo.pdf\" target=\"_blank\" rel=\"noreferrer noopener\"><strong>Megh\u00edv\u00f3<\/strong><\/a><\/span><\/p>\r\n<p><span style=\"font-family: verdana, geneva, sans-serif;\">\r\n\r\n<\/span><\/p>\r\n<p><span style=\"font-family: verdana, geneva, sans-serif;\"><strong>Megnyit\u00f3<\/strong><\/span><\/p>\r\n<p><span style=\"font-family: verdana, geneva, sans-serif;\">\r\n\r\n<\/span><\/p>\r\n<figure class=\"wp-block-video\"><span style=\"font-family: verdana, geneva, sans-serif;\"><video style=\"aspect-ratio: 1440 \/ 1080;\" src=\"https:\/\/simonyi.kre.hu\/wp-content\/uploads\/2022\/11\/Megnyito_2023-1.mp4\" controls=\"controls\" width=\"1440\" height=\"1080\"><\/video><\/span><\/figure>\r\n<p><span style=\"font-family: verdana, geneva, sans-serif;\">\r\n\r\n<\/span><\/p>\r\n<p class=\"has-text-align-center\"><span style=\"font-family: verdana, geneva, sans-serif;\">&#8211; &#8211; &#8211; &#8211; o &#8211; &#8211; &#8211; &#8211;<\/span><\/p>\r\n<p><span style=\"font-family: verdana, geneva, sans-serif;\">\r\n\r\n<\/span><\/p>\r\n<p class=\"has-medium-font-size\"><span style=\"font-family: verdana, geneva, sans-serif;\"><strong>Sikeres p\u00e1ly\u00e1zatok<\/strong><\/span><\/p>\r\n<p><span style=\"font-family: verdana, geneva, sans-serif;\">\r\n\r\n<\/span><\/p>\r\n<p><span style=\"font-family: verdana, geneva, sans-serif;\">\u00d6r\u00f6mmel tudatjuk, hogy a 2022\/23. tan\u00e9vre vonatkoz\u00f3an (t\u00e1mogat\u00e1si id\u0151szak: 2022. j\u00falius 1. \u2013 2023. j\u00fanius 30.) a Nemzeti Tehets\u00e9g Program (NTP; t\u00e1mogat\u00f3 szerv: Kultur\u00e1lis \u00e9s Innov\u00e1ci\u00f3s Miniszt\u00e9rium) p\u00e1ly\u00e1zati felh\u00edv\u00e1s\u00e1ra beny\u00fajtott k\u00e9t szakmai anyagunk t\u00e1mogat\u00e1st nyert a Nemzeti Tehets\u00e9g Alapb\u00f3l. Ezek a forr\u00e1sok jelent\u0151s m\u00e9rt\u00e9kben j\u00e1rulnak hozz\u00e1 a XXVI. Simony-verseny megval\u00f3s\u00edt\u00e1s\u00e1hoz.<\/span><\/p>\r\n<p><span style=\"font-family: verdana, geneva, sans-serif;\">\r\n\r\n<\/span><\/p>\r\n<p><span style=\"font-family: verdana, geneva, sans-serif;\">B\u0151vebben: <a href=\"https:\/\/simonyi.kre.hu\/?page_id=1596\"><strong>T\u00e1mogat\u00f3ink<\/strong><\/a><\/span><\/p>\r\n<p><span style=\"font-family: verdana, geneva, sans-serif;\">\r\n\r\n<\/span><\/p>\r\n<p class=\"has-text-align-center\"><span style=\"font-family: verdana, geneva, sans-serif;\">&#8211; &#8211; &#8211; &#8211; o &#8211; &#8211; &#8211; &#8211;<\/span><\/p>\r\n<p><span style=\"font-family: verdana, geneva, sans-serif;\">\r\n\r\n<\/span><\/p>\r\n<p class=\"has-medium-font-size\"><span style=\"font-family: verdana, geneva, sans-serif;\"><strong>A XXVI. Simonyi-verseny<\/strong><\/span><\/p>\r\n<p><span style=\"font-family: verdana, geneva, sans-serif;\">\r\n\r\n<\/span><\/p>\r\n<p><span style=\"font-family: verdana, geneva, sans-serif;\">Tisztelt Koll\u00e9g\u00e1k! Tisztelt \u00c9rdekl\u0151d\u0151k! Kedves Di\u00e1kok!<\/span><\/p>\r\n<p><span style=\"font-family: verdana, geneva, sans-serif;\">\r\n\r\n<\/span><\/p>\r\n<p><span style=\"font-family: verdana, geneva, sans-serif;\">Honlapunk <a href=\"https:\/\/simonyi.kre.hu\/?page_id=1630\"><strong>Versenyki\u00edr\u00e1s<\/strong> <\/a>men\u00fcpontj\u00e1ban olvashat\u00f3k a 2022\/23. tan\u00e9vi verseny r\u00e9szletei, \u00edgy az egyes fordul\u00f3k id\u0151pontjai is.<\/span><\/p>\r\n<p><span style=\"font-family: verdana, geneva, sans-serif;\">\r\n\r\n<\/span><\/p>\r\n<p><span style=\"font-family: verdana, geneva, sans-serif;\">A regisztr\u00e1ci\u00f3 2022. november 1-j\u00e9n kezd\u0151dik, \u00e9s 2023. janu\u00e1r 15-ig tart.<\/span><\/p>\r\n<p><span style=\"font-family: verdana, geneva, sans-serif;\">\r\n\r\n<\/span><\/p>\r\n<p class=\"has-text-align-center\"><span style=\"font-family: verdana, geneva, sans-serif;\">&#8211; &#8211; &#8211; &#8211; o &#8211; &#8211; &#8211; &#8211;<\/span><\/p>\r\n<p><span style=\"font-family: verdana, geneva, sans-serif;\">\r\n\r\n<\/span><\/p>\r\n<p class=\"has-text-align-center has-medium-font-size\"><span style=\"font-family: verdana, geneva, sans-serif;\"><strong>Mi t\u00f6rt\u00e9nt a 2021\u201322-es tan\u00e9vben?<\/strong><\/span><\/p>\r\n<p><span style=\"font-family: verdana, geneva, sans-serif;\">\r\n\r\n<\/span><\/p>\r\n<p><span style=\"font-family: verdana, geneva, sans-serif;\">Az \u00e9v esem\u00e9nyei olvashat\u00f3k a verseny szervez\u00e9s\u00e9t \u00e9s megrendez\u00e9s\u00e9t \u00f6sszefoglal\u00f3 <a href=\"https:\/\/simonyi.kre.hu\/wp-content\/uploads\/2022\/07\/Szakmai_beszamolo_2021-22.pdf\" target=\"_blank\" rel=\"noreferrer noopener\"><strong>szakmai besz\u00e1mol\u00f3ban<\/strong><\/a>.<\/span><\/p>\r\n<p><span style=\"font-family: verdana, geneva, sans-serif;\">\r\n\r\n<\/span><\/p>\r\n<p><span style=\"font-family: verdana, geneva, sans-serif;\">A d\u00f6nt\u0151r\u0151l k\u00e9sz\u00fclt kisfilm a <a href=\"https:\/\/simonyi.kre.hu\/?page_id=102\" target=\"_blank\" rel=\"noreferrer noopener\"><strong>Gal\u00e9ri\u00e1ban <\/strong><\/a>tekinthet\u0151 meg.<\/span><\/p>\r\n<p><span style=\"font-family: verdana, geneva, sans-serif;\">\r\n\r\n<\/span><\/p>\r\n<p class=\"has-text-align-center\">\u00a0<\/p>\r\n<p><span style=\"font-family: verdana, geneva, sans-serif;\">\r\n\r\n<\/span><\/p>\r\n<p class=\"has-text-align-center\"><span style=\"font-family: verdana, geneva, sans-serif;\">&#8211; &#8211; &#8211; &#8211; o &#8211; &#8211; &#8211; &#8211;<\/span><\/p>\r\n<p><span style=\"font-family: verdana, geneva, sans-serif;\">\r\n\r\n<\/span><\/p>\r\n<p class=\"has-text-align-center has-medium-font-size\"><span style=\"font-family: verdana, geneva, sans-serif;\"><strong>XXV. Simonyi Zsigmond K\u00e1rp\u00e1t-medencei <\/strong><\/span><br \/><span style=\"font-family: verdana, geneva, sans-serif;\"><strong>helyes\u00edr\u00e1si verseny <\/strong><\/span><br \/><span style=\"font-family: verdana, geneva, sans-serif;\"><strong>D\u00f6nt\u0151<\/strong><\/span><br \/><span style=\"font-family: verdana, geneva, sans-serif;\">Id\u0151pont: 2022. m\u00e1jus 21. (szombat)<\/span><\/p>\r\n<p><span style=\"font-family: verdana, geneva, sans-serif;\">\r\n\r\n<\/span><\/p>\r\n<p class=\"has-text-align-left\" style=\"font-size: 19px;\"><br \/><span style=\"font-family: verdana, geneva, sans-serif;\"><strong>A d\u00f6nt\u0151 eredm\u00e9nyei<\/strong><\/span><\/p>\r\n<p><span style=\"font-family: verdana, geneva, sans-serif;\">\r\n\r\n<\/span><\/p>\r\n<p class=\"has-normal-font-size\"><span style=\"font-family: verdana, geneva, sans-serif;\">5. \u00e9vfolyam \u00e1tlaga: 84,1%, 1\u201310. helyezett \u00e1tlaga: 92,7%, legmagasabb pontsz\u00e1m: 95,7 pont<\/span><br \/><span style=\"font-family: verdana, geneva, sans-serif;\">6. \u00e9vfolyam \u00e1tlaga: 84,3%, 1\u201310. helyezett \u00e1tlaga: 93,5%, legmagasabb pontsz\u00e1m: 97 pont<\/span><br \/><span style=\"font-family: verdana, geneva, sans-serif;\">7. \u00e9vfolyam \u00e1tlaga: 84,1%, 1\u201310. helyezett \u00e1tlaga: 95,6%, legmagasabb pontsz\u00e1m: 98,9 pont<\/span><br \/><span style=\"font-family: verdana, geneva, sans-serif;\">8. \u00e9vfolyam \u00e1tlaga: 83,4%, 1\u201310. helyezett \u00e1tlaga: 92,1%, legmagasabb pontsz\u00e1m: 96,2 pont<\/span><br \/><br \/><span style=\"font-family: verdana, geneva, sans-serif;\">A 3. fordul\u00f3ban, azaz a d\u00f6nt\u0151ben el\u00e9rt eredm\u00e9ny\u00e9r\u0151l minden versenyz\u0151 int\u00e9zm\u00e9nye, illetve kapcsolattart\u00f3 tan\u00e1ra \u00edm\u00e9lben kapott t\u00e1j\u00e9koztat\u00e1st. Az 1\u201310. helyez\u00e9st el\u00e9rt versenyz\u0151k b\u0151vebb adatai az <strong>Eredm\u00e9nyek <\/strong>men\u00fcpontban tal\u00e1lhat\u00f3k.<\/span><\/p>\r\n<p><span style=\"font-family: verdana, geneva, sans-serif;\">\r\n\r\n<\/span><\/p>\r\n<p><span style=\"font-family: verdana, geneva, sans-serif;\"><strong>A 2021\/22-es tan\u00e9v kit\u00fcntetettjei<\/strong><\/span><\/p>\r\n<p><span style=\"font-family: verdana, geneva, sans-serif;\">\r\n\r\n<\/span><\/p>\r\n<p><span style=\"font-family: verdana, geneva, sans-serif;\"><strong>Simonyi Zsigmond-\u00e9rem<\/strong> kit\u00fcntet\u00e9sben r\u00e9szes\u00fclnek kiv\u00e1l\u00f3 munk\u00e1juk\u00e9rt:<\/span><\/p>\r\n<p><span style=\"font-family: verdana, geneva, sans-serif;\">\r\n\r\n<\/span><\/p>\r\n<p><span style=\"font-family: verdana, geneva, sans-serif;\"><strong>Antaln\u00e9 dr. Szab\u00f3 \u00c1gnes<\/strong> (<a href=\"https:\/\/simonyi.kre.hu\/wp-content\/uploads\/2023\/07\/Antalne_Szabo_Agnes.pdf\" target=\"_blank\" rel=\"noreferrer noopener\">laud\u00e1ci\u00f3<\/a>)<\/span><\/p>\r\n<p><span style=\"font-family: verdana, geneva, sans-serif;\">\r\n\r\n<\/span><\/p>\r\n<p><span style=\"font-family: verdana, geneva, sans-serif;\"><strong>K\u00e1sa Zsuzsanna<\/strong> (<a href=\"https:\/\/simonyi.kre.hu\/wp-content\/uploads\/2023\/07\/Kasa_Zsuzsanna.pdf\" target=\"_blank\" rel=\"noreferrer noopener\">laud\u00e1ci\u00f3<\/a>)<\/span><\/p>\r\n<p><span style=\"font-family: verdana, geneva, sans-serif;\">\r\n\r\n<\/span><\/p>\r\n<p><span style=\"font-family: verdana, geneva, sans-serif;\"><strong>N\u00e9meth Zsuzsanna<\/strong> (<a href=\"https:\/\/simonyi.kre.hu\/wp-content\/uploads\/2023\/07\/Nemeth_Zsuzsanna.pdf\" target=\"_blank\" rel=\"noreferrer noopener\">laud\u00e1ci\u00f3<\/a>)<\/span><\/p>\r\n<p><span style=\"font-family: verdana, geneva, sans-serif;\">\r\n\r\n<\/span><\/p>\r\n<p class=\"has-normal-font-size\"><span style=\"font-family: verdana, geneva, sans-serif;\"><strong>Rus Lilla<\/strong> (<a href=\"https:\/\/simonyi.kre.hu\/wp-content\/uploads\/2023\/07\/Rus_Lilla.pdf\" target=\"_blank\" rel=\"noreferrer noopener\">laud\u00e1ci\u00f3<\/a>)<\/span><\/p>\r\n<p><span style=\"font-family: verdana, geneva, sans-serif;\">\r\n\r\n<\/span><\/p>\r\n<p class=\"has-normal-font-size\"><span style=\"font-family: verdana, geneva, sans-serif;\"><strong>Gyuricsku M\u00e1rton<\/strong> (<a href=\"https:\/\/simonyi.kre.hu\/wp-content\/uploads\/2023\/07\/Gyuricsku_Marton.pdf\" target=\"_blank\" rel=\"noreferrer noopener\">laud\u00e1ci\u00f3<\/a>)<\/span><\/p>\r\n<p><span style=\"font-family: verdana, geneva, sans-serif;\">\r\n\r\n<\/span><\/p>\r\n<p class=\"has-normal-font-size\"><span style=\"font-family: verdana, geneva, sans-serif;\"><strong>Nagy J\u00falia<\/strong> (<a href=\"https:\/\/simonyi.kre.hu\/wp-content\/uploads\/2023\/07\/Nagy_Julia.pdf\" target=\"_blank\" rel=\"noreferrer noopener\">laud\u00e1ci\u00f3<\/a>)<\/span><\/p>\r\n<p><span style=\"font-family: verdana, geneva, sans-serif;\">\r\n\r\n<\/span><\/p>\r\n<p class=\"has-small-font-size\">\u00a0<\/p>\r\n<p><span style=\"font-family: verdana, geneva, sans-serif;\">\r\n\r\n<div class=\"wp-block-image is-resized\"><\/span><\/p>\r\n<figure class=\"aligncenter size-medium\"><span style=\"font-family: verdana, geneva, sans-serif;\"><img loading=\"lazy\" decoding=\"async\" width=\"300\" height=\"287\" class=\"wp-image-974\" src=\"https:\/\/simonyi.kre.hu\/wp-content\/uploads\/2021\/07\/Simonyi_ermesek_2021-1-300x287.jpg\" alt=\"\" srcset=\"https:\/\/simonyi.kre.hu\/wp-content\/uploads\/2021\/07\/Simonyi_ermesek_2021-1-300x287.jpg 300w, https:\/\/simonyi.kre.hu\/wp-content\/uploads\/2021\/07\/Simonyi_ermesek_2021-1.jpg 693w\" sizes=\"auto, (max-width: 300px) 100vw, 300px\" \/><\/span><\/figure>\r\n<p><span style=\"font-family: verdana, geneva, sans-serif;\"><\/div>\r\n\r\n<\/span><\/p>\r\n<p><span style=\"font-family: verdana, geneva, sans-serif;\"><strong>Simonyi Zsigmond-serleg <\/strong>kit\u00fcntet\u00e9sben azok az iskol\u00e1k r\u00e9szes\u00fclnek, ahonnan a legt\u00f6bb versenyz\u0151 jutott a d\u00f6nt\u0151be:<\/span><\/p>\r\n<p><span style=\"font-family: verdana, geneva, sans-serif;\">\r\n\r\n<\/span><\/p>\r\n<ul class=\"wp-block-list\">\r\n<li><span style=\"font-family: verdana, geneva, sans-serif;\">Egri Hunyadi M\u00e1ty\u00e1s \u00c1ltal\u00e1nos Iskola (<a href=\"https:\/\/simonyi.kre.hu\/wp-content\/uploads\/2023\/07\/Hunyadi_Matyas_Altalanos_Iskola.pdf\" target=\"_blank\" rel=\"noreferrer noopener\">laud\u00e1ci\u00f3<\/a>)<\/span><\/li>\r\n\r\n\r\n\r\n<li><span style=\"font-family: verdana, geneva, sans-serif;\">J\u00f3zsef Attila \u00c1ltal\u00e1nos Iskola, Cs\u00edkszereda (<a href=\"https:\/\/simonyi.kre.hu\/wp-content\/uploads\/2023\/07\/Jozsef_Attila_Altalanos_Iskola.pdf\" target=\"_blank\" rel=\"noreferrer noopener\">laud\u00e1ci\u00f3<\/a>)<\/span><\/li>\r\n\r\n\r\n\r\n<li><span style=\"font-family: verdana, geneva, sans-serif;\">Kar\u00e1csonyi J\u00e1nos Katolikus \u00c1ltal\u00e1nos Iskola, Gyula (<a href=\"https:\/\/simonyi.kre.hu\/wp-content\/uploads\/2023\/07\/Karacsonyi_Janos_Katolikus_Altalanos_Iskola.pdf\" target=\"_blank\" rel=\"noreferrer noopener\">laud\u00e1ci\u00f3<\/a>)<\/span><\/li>\r\n\r\n\r\n\r\n<li><span style=\"font-family: verdana, geneva, sans-serif;\">Sz\u00e9chenyi Istv\u00e1n \u00c1ltal\u00e1nos Iskola, Szabadka (<a href=\"https:\/\/simonyi.kre.hu\/wp-content\/uploads\/2023\/07\/Szechenyi_Istvan_Altalanos_Iskola.pdf\" target=\"_blank\" rel=\"noreferrer noopener\">laud\u00e1ci\u00f3<\/a>)<\/span><\/li>\r\n<\/ul>\r\n<p><span style=\"font-family: verdana, geneva, sans-serif;\">\r\n\r\n<div class=\"wp-block-image is-resized\"><\/span><\/p>\r\n<figure class=\"aligncenter size-large\"><span style=\"font-family: verdana, geneva, sans-serif;\"><img loading=\"lazy\" decoding=\"async\" width=\"788\" height=\"590\" class=\"wp-image-979\" src=\"https:\/\/simonyi.kre.hu\/wp-content\/uploads\/2021\/07\/serleges_iskolak_2021-1.jpg\" alt=\"\" srcset=\"https:\/\/simonyi.kre.hu\/wp-content\/uploads\/2021\/07\/serleges_iskolak_2021-1.jpg 788w, https:\/\/simonyi.kre.hu\/wp-content\/uploads\/2021\/07\/serleges_iskolak_2021-1-300x225.jpg 300w, https:\/\/simonyi.kre.hu\/wp-content\/uploads\/2021\/07\/serleges_iskolak_2021-1-768x575.jpg 768w\" sizes=\"auto, (max-width: 767px) 89vw, (max-width: 1000px) 54vw, (max-width: 1071px) 543px, 580px\" \/><\/span><\/figure>\r\n<p><span style=\"font-family: verdana, geneva, sans-serif;\"><\/div>\r\n\r\n<\/span><\/p>\r\n<p><span style=\"font-family: verdana, geneva, sans-serif;\"><strong>Arany Oklev\u00e9l<\/strong> elismer\u00e9sben azok a magyar szakos tan\u00e1rok r\u00e9szes\u00fclnek, akiknek legal\u00e1bb 4 versenyz\u0151j\u00fck szerepelt m\u00e1r a d\u00f6nt\u0151ben:<\/span><\/p>\r\n<p><span style=\"font-family: verdana, geneva, sans-serif;\">\r\n\r\n<\/span><\/p>\r\n<ul id=\"block-16e905a4-1289-4716-a48f-6d7aa864cd25\" class=\"wp-block-list\">\r\n<li><span style=\"font-family: verdana, geneva, sans-serif;\">B\u00e1r\u00e1ny Judit (Nagykov\u00e1csi \u00c1ltal\u00e1nos Iskola) (<a href=\"https:\/\/simonyi.kre.hu\/wp-content\/uploads\/2023\/07\/Barany_Judit.pdf\" target=\"_blank\" rel=\"noreferrer noopener\">laud\u00e1ci\u00f3<\/a>)<\/span><\/li>\r\n\r\n\r\n\r\n<li><span style=\"font-family: verdana, geneva, sans-serif;\">Ign\u00e1czn\u00e9 Ribarics Edit (P\u00e9csi Reform\u00e1tus Koll\u00e9gium) (<a href=\"https:\/\/simonyi.kre.hu\/wp-content\/uploads\/2023\/07\/Ignaczne_Ribarics_Edit.pdf\" target=\"_blank\" rel=\"noreferrer noopener\">laud\u00e1ci\u00f3<\/a>)<\/span><\/li>\r\n\r\n\r\n\r\n<li><span style=\"font-family: verdana, geneva, sans-serif;\">Kramlik Mariann (B\u00f6rzs\u00f6ny \u00c1ltal\u00e1nos Iskola, Nagyoroszi) (<a href=\"https:\/\/simonyi.kre.hu\/wp-content\/uploads\/2023\/07\/Kramlik_Mariann.pdf\" target=\"_blank\" rel=\"noreferrer noopener\">laud\u00e1ci\u00f3<\/a>)<\/span><\/li>\r\n\r\n\r\n\r\n<li><span style=\"font-family: verdana, geneva, sans-serif;\">Nagyn\u00e9 Kra\u00e1h Be\u00e1ta (P\u00e9csi Belv\u00e1rosi \u00c1ltal\u00e1nos Iskola) (<a href=\"https:\/\/simonyi.kre.hu\/wp-content\/uploads\/2023\/07\/Nagyne_Kraah_Beata.pdf\" target=\"_blank\" rel=\"noreferrer noopener\">laud\u00e1ci\u00f3<\/a>)<\/span><\/li>\r\n\r\n\r\n\r\n<li><span style=\"font-family: verdana, geneva, sans-serif;\">Nagy P\u00e9tern\u00e9 (Szent L\u00e1szl\u00f3 Katolikus \u00c1ltal\u00e1nos Iskola, S\u00e1rv\u00e1r) (<a href=\"https:\/\/simonyi.kre.hu\/wp-content\/uploads\/2023\/07\/Nagy_Peterne.pdf\" target=\"_blank\" rel=\"noreferrer noopener\">laud\u00e1ci\u00f3<\/a>)<\/span><\/li>\r\n\r\n\r\n\r\n<li><span style=\"font-family: verdana, geneva, sans-serif;\">P\u00e9nzes \u00c1gnes (Sz\u00e9kely Mik\u00f3 Koll\u00e9gium, Sepsiszentgy\u00f6rgy) (<a href=\"https:\/\/simonyi.kre.hu\/wp-content\/uploads\/2023\/07\/Penzes_Agnes.pdf\" target=\"_blank\" rel=\"noreferrer noopener\">laud\u00e1ci\u00f3<\/a>)<\/span><\/li>\r\n\r\n\r\n\r\n<li><span style=\"font-family: verdana, geneva, sans-serif;\">S\u00f3sn\u00e9 K\u00e1d\u00e1r Marianna (Bethlen G\u00e1bor Reform\u00e1tus \u00c1ltal\u00e1nos Iskola, \u00d3voda, T\u00f6r\u00f6kszentmikl\u00f3s) (<a href=\"https:\/\/simonyi.kre.hu\/wp-content\/uploads\/2023\/07\/Sosne_Kadar_Marianna.pdf\" target=\"_blank\" rel=\"noreferrer noopener\">laud\u00e1ci\u00f3<\/a>)<\/span><\/li>\r\n\r\n\r\n\r\n<li><span style=\"font-family: verdana, geneva, sans-serif;\">Szab\u00f3n\u00e9 Moln\u00e1r Judit (Talentum Angol\u2013Magyar K\u00e9t Tan\u00edt\u00e1si Nyelv\u0171 \u00c1ltal\u00e1nos Iskola \u00e9s M\u0171v\u00e9szeti Szakgimn\u00e1zium, Tata) (<a href=\"https:\/\/simonyi.kre.hu\/wp-content\/uploads\/2023\/07\/Szabone_Molnar_Judit.pdf\" target=\"_blank\" rel=\"noreferrer noopener\">laud\u00e1ci\u00f3<\/a>)<\/span><\/li>\r\n\r\n\r\n\r\n<li><span style=\"font-family: verdana, geneva, sans-serif;\">T\u00f3th M\u00f3nika (J\u00f3zsef Attila Alapiskola \u00e9s \u00d3voda, V\u00e1s\u00e1r\u00fat) (<a href=\"https:\/\/simonyi.kre.hu\/wp-content\/uploads\/2023\/07\/Toth_Monika.pdf\" target=\"_blank\" rel=\"noreferrer noopener\">laud\u00e1ci\u00f3<\/a>)<\/span><\/li>\r\n<\/ul>\r\n<p><span style=\"font-family: verdana, geneva, sans-serif;\">\r\n\r\n<\/span><\/p>\r\n<p>&nbsp;<\/p>\r\n<p><span style=\"font-family: verdana, geneva, sans-serif;\">\r\n\r\n<\/span><\/p>\r\n<p><span style=\"font-family: verdana, geneva, sans-serif;\"><strong>Gy\u00e9m\u00e1nt Oklev\u00e9l<\/strong> elismer\u00e9sben azok a magyar szakos tan\u00e1rok r\u00e9szes\u00fclnek, akiknek legal\u00e1bb 12 versenyz\u0151j\u00fck szerepelt m\u00e1r a d\u00f6nt\u0151ben:<\/span><\/p>\r\n<p><span style=\"font-family: verdana, geneva, sans-serif;\">\r\n\r\n<\/span><\/p>\r\n<ul class=\"wp-block-list\">\r\n<li><span style=\"font-family: verdana, geneva, sans-serif;\">Csuk\u00e1s Ibolya (V\u00f6r\u00f6smarty Mih\u00e1ly \u00c9nek-zenei, Nyelvi \u00c1ltal\u00e1nos Iskola \u00e9s Gimn\u00e1zium, Budapest<span style=\"font-size: revert;\">)<\/span> (<a href=\"https:\/\/simonyi.kre.hu\/wp-content\/uploads\/2023\/07\/Csukas_Ibolya.pdf\" target=\"_blank\" rel=\"noreferrer noopener\">laud\u00e1ci\u00f3<\/a>)<\/span><\/li>\r\n<\/ul>\r\n<p><span style=\"font-family: verdana, geneva, sans-serif;\">\r\n\r\n<\/span><\/p>\r\n<p><span style=\"font-family: verdana, geneva, sans-serif;\"><strong>Gratul\u00e1lunk minden kit\u00fcntetettnek!<\/strong><\/span><\/p>\r\n<p><span style=\"font-family: verdana, geneva, sans-serif;\">\r\n\r\n<\/span><\/p>\r\n<p class=\"has-text-align-center\"><span style=\"font-family: verdana, geneva, sans-serif;\">&#8211; &#8211; &#8211; &#8211; o &#8211; &#8211; &#8211; &#8211;<\/span><\/p>\r\n<p><span style=\"font-family: verdana, geneva, sans-serif;\">\r\n\r\n<\/span><\/p>\r\n<p class=\"has-medium-font-size\"><span style=\"font-family: verdana, geneva, sans-serif;\"><strong>A d\u00f6nt\u0151 id\u0151pontja \u00e9s helysz\u00edne<\/strong><\/span><\/p>\r\n<p><span style=\"font-family: verdana, geneva, sans-serif;\">\r\n\r\n<\/span><\/p>\r\n<p><span style=\"font-family: verdana, geneva, sans-serif;\">2022. m\u00e1jus 21.<\/span><br \/><span style=\"font-family: verdana, geneva, sans-serif;\">K\u00e1roli G\u00e1sp\u00e1r Reform\u00e1tus Egyetem Pedag\u00f3giai Kar<\/span><br \/><span style=\"font-family: verdana, geneva, sans-serif;\">1042 Budapest, \u00c1rp\u00e1d \u00fat 161\u2013163.<\/span><\/p>\r\n<p><span style=\"font-family: verdana, geneva, sans-serif;\">\r\n\r\n<\/span><\/p>\r\n<p class=\"has-vivid-cyan-blue-color has-text-color\"><span style=\"font-family: verdana, geneva, sans-serif;\"><a href=\"https:\/\/simonyi.kre.hu\/wp-content\/uploads\/2022\/05\/simonyi_2022_programfuzet.pdf\"><strong>Programf\u00fczet<\/strong><\/a><\/span><\/p>\r\n<p><span style=\"font-family: verdana, geneva, sans-serif;\">\r\n\r\n<\/span><\/p>\r\n<p><span style=\"font-family: verdana, geneva, sans-serif;\"><a href=\"https:\/\/forms.office.com\/r\/SeHWMU0Aif\" target=\"_blank\" rel=\"noreferrer noopener\">R\u00e9szv\u00e9teli tan\u00fas\u00edtv\u00e1ny<\/a> adatlap a szakmai konferenci\u00e1n val\u00f3 r\u00e9szv\u00e9telr\u0151l.<\/span><\/p>\r\n<p><span style=\"font-family: verdana, geneva, sans-serif;\">\r\n\r\n<\/span><\/p>\r\n<p class=\"has-text-align-center\"><span style=\"font-family: verdana, geneva, sans-serif;\">&#8211; &#8211; &#8211; &#8211; o &#8211; &#8211; &#8211; &#8211;<\/span><\/p>\r\n<p><span style=\"font-family: verdana, geneva, sans-serif;\">\r\n\r\n<\/span><\/p>\r\n<p class=\"has-medium-font-size\"><span style=\"font-family: verdana, geneva, sans-serif;\"><strong>A 2. fordul\u00f3 eredm\u00e9nyei<\/strong><\/span><\/p>\r\n<p><span style=\"font-family: verdana, geneva, sans-serif;\">\r\n\r\n<\/span><\/p>\r\n<p><span style=\"font-family: verdana, geneva, sans-serif;\">Megsz\u00fclettek a magyarorsz\u00e1gi, az erd\u00e9lyi, a felvid\u00e9ki \u00e9s a vajdas\u00e1gi iskol\u00e1knak rendezett m\u00e1sodik versenyfordul\u00f3 v\u00e9gleges eredm\u00e9nyei. A versenyre 885 int\u00e9zm\u00e9nyb\u0151l 4 608 tanul\u00f3 jutott be. K\u00f6z\u00fcl\u00fck 4 564 f\u0151 vett r\u00e9szt a 2. fordul\u00f3ban.<\/span><\/p>\r\n<p><span style=\"font-family: verdana, geneva, sans-serif;\">\r\n\r\n<\/span><\/p>\r\n<p>&nbsp;<\/p>\r\n<p><span style=\"font-family: verdana, geneva, sans-serif;\">\r\n\r\n<\/span><\/p>\r\n<p><span style=\"font-family: verdana, geneva, sans-serif;\">Sz\u00edvb\u0151l gratul\u00e1lunk minden versenyz\u0151nek \u00e9s felk\u00e9sz\u00edt\u0151 tan\u00e1r\u00e1nak!<\/span><\/p>\r\n<p><span style=\"font-family: verdana, geneva, sans-serif;\">\r\n\r\n<\/span><\/p>\r\n<p><span style=\"font-family: verdana, geneva, sans-serif;\"><strong>5. \u00e9vfolyam<\/strong><\/span><\/p>\r\n<p><span style=\"font-family: verdana, geneva, sans-serif;\">\r\n\r\n<\/span><\/p>\r\n<p><span style=\"font-family: verdana, geneva, sans-serif;\">L\u00e9tsz\u00e1m: 1381 f\u0151<\/span><br \/><span style=\"font-family: verdana, geneva, sans-serif;\">\u00c1tlag: 80,98 pont<\/span><br \/><span style=\"font-family: verdana, geneva, sans-serif;\">Legjobb: 100,0 pont<\/span><br \/><span style=\"font-family: verdana, geneva, sans-serif;\">Legjobbak 95 pont f\u00f6l\u00f6tt: 44 f\u0151<\/span><br \/><span style=\"font-family: verdana, geneva, sans-serif;\">Legjobbak 90\u201395 pont k\u00f6z\u00f6tt: 160 f\u0151<\/span><br \/><span style=\"font-family: verdana, geneva, sans-serif;\">Legjobbak 85\u201390 pont k\u00f6z\u00f6tt: 310 f\u0151<\/span><br \/><span style=\"font-family: verdana, geneva, sans-serif;\">Tov\u00e1bbjut\u00f3k \u00e1tlaga: 95,86 pont<\/span><\/p>\r\n<p><span style=\"font-family: verdana, geneva, sans-serif;\">\r\n\r\n<\/span><\/p>\r\n<p class=\"has-normal-font-size\"><span style=\"font-family: verdana, geneva, sans-serif;\"><strong>6. \u00e9vfolyam<\/strong><\/span><\/p>\r\n<p><span style=\"font-family: verdana, geneva, sans-serif;\">\r\n\r\n<\/span><\/p>\r\n<p><span style=\"font-family: verdana, geneva, sans-serif;\">L\u00e9tsz\u00e1m: 1196 f\u0151<\/span><br \/><span style=\"font-family: verdana, geneva, sans-serif;\">\u00c1tlag: 76,14 pont<\/span><br \/><span style=\"font-family: verdana, geneva, sans-serif;\">Legjobb: 99 pont<\/span><br \/><span style=\"font-family: verdana, geneva, sans-serif;\">Legjobbak 95 pont f\u00f6l\u00f6tt: 14 f\u0151<\/span><br \/><span style=\"font-family: verdana, geneva, sans-serif;\">Legjobbak 90\u201395 pont k\u00f6z\u00f6tt: 76 f\u0151<\/span><br \/><span style=\"font-family: verdana, geneva, sans-serif;\">Legjobbak 85\u201390 pont k\u00f6z\u00f6tt: 130 f\u0151<\/span><br \/><span style=\"font-family: verdana, geneva, sans-serif;\">Tov\u00e1bbjut\u00f3k \u00e1tlaga: 94,31 pont<\/span><\/p>\r\n<p><span style=\"font-family: verdana, geneva, sans-serif;\">\r\n\r\n<\/span><\/p>\r\n<p><span style=\"font-family: verdana, geneva, sans-serif;\"><strong>7. \u00e9vfolyam<\/strong><\/span><\/p>\r\n<p><span style=\"font-family: verdana, geneva, sans-serif;\">\r\n\r\n<\/span><\/p>\r\n<p><span style=\"font-family: verdana, geneva, sans-serif;\">L\u00e9tsz\u00e1m: 1055 f\u0151<\/span><br \/><span style=\"font-family: verdana, geneva, sans-serif;\">\u00c1tlag: 79,4 pont<\/span><br \/><span style=\"font-family: verdana, geneva, sans-serif;\">Legjobb: 98,67 pont<\/span><br \/><span style=\"font-family: verdana, geneva, sans-serif;\">Legjobbak 95 pont f\u00f6l\u00f6tt: 33 f\u0151<\/span><br \/><span style=\"font-family: verdana, geneva, sans-serif;\">Legjobbak 90\u201395 pont k\u00f6z\u00f6tt: 124 f\u0151<\/span><br \/><span style=\"font-family: verdana, geneva, sans-serif;\">Legjobbak 85\u201390 pont k\u00f6z\u00f6tt: 189 f\u0151<\/span><br \/><span style=\"font-family: verdana, geneva, sans-serif;\">Tov\u00e1bbjut\u00f3k \u00e1tlaga: 95,38 pont<\/span><\/p>\r\n<p><span style=\"font-family: verdana, geneva, sans-serif;\">\r\n\r\n<\/span><\/p>\r\n<p><span style=\"font-family: verdana, geneva, sans-serif;\"><strong>8. \u00e9vfolyam<\/strong><\/span><\/p>\r\n<p><span style=\"font-family: verdana, geneva, sans-serif;\">\r\n\r\n<\/span><\/p>\r\n<p><span style=\"font-family: verdana, geneva, sans-serif;\">L\u00e9tsz\u00e1m: 932 f\u0151<\/span><br \/><span style=\"font-family: verdana, geneva, sans-serif;\">\u00c1tlag: 74,95 pont<\/span><br \/><span style=\"font-family: verdana, geneva, sans-serif;\">Legjobb: 98,44 pont<\/span><br \/><span style=\"font-family: verdana, geneva, sans-serif;\">Legjobbak 95 pont f\u00f6l\u00f6tt: 8 f\u0151<\/span><br \/><span style=\"font-family: verdana, geneva, sans-serif;\">Legjobbak 90\u201395 pont k\u00f6z\u00f6tt: 57 f\u0151<\/span><br \/><span style=\"font-family: verdana, geneva, sans-serif;\">Legjobbak 85\u201390 pont k\u00f6z\u00f6tt: 82 f\u0151<\/span><br \/><span style=\"font-family: verdana, geneva, sans-serif;\">Tov\u00e1bbjut\u00f3k \u00e1tlaga: 93,16 pont<\/span><\/p>\r\n<p><span style=\"font-family: verdana, geneva, sans-serif;\">\r\n\r\n<\/span><\/p>\r\n<p><span style=\"font-family: verdana, geneva, sans-serif;\">A versenyz\u0151k szem\u00e9ly szerint el\u00e9rt eredm\u00e9ny\u00e9t minden int\u00e9zm\u00e9ny, illetve iskolai kapcsolattart\u00f3 megkapta \u00edm\u00e9lben.<\/span><\/p>\r\n<p><span style=\"font-family: verdana, geneva, sans-serif;\">\r\n\r\n<\/span><\/p>\r\n<p><span style=\"font-family: verdana, geneva, sans-serif;\">A d\u00f6nt\u0151be jutott versenyz\u0151ket k\u00fcl\u00f6n \u00edm\u00e9lben \u00e9rtes\u00edtett\u00fck.<\/span><\/p>\r\n<p><span style=\"font-family: verdana, geneva, sans-serif;\">\r\n\r\n<\/span><\/p>\r\n<p class=\"has-text-align-center\"><span style=\"font-family: verdana, geneva, sans-serif;\">&#8211; &#8211; &#8211; &#8211; o &#8211; &#8211; &#8211; &#8211;<\/span><\/p>\r\n<p><span style=\"font-family: verdana, geneva, sans-serif;\">\r\n\r\n<\/span><\/p>\r\n<p class=\"has-medium-font-size\"><span style=\"font-family: verdana, geneva, sans-serif;\"><strong>A verseny 2. fordul\u00f3j\u00e1nak id\u0151pontja<\/strong><\/span><\/p>\r\n<p><span style=\"font-family: verdana, geneva, sans-serif;\">\r\n\r\n<\/span><\/p>\r\n<ul class=\"wp-block-list\">\r\n<li><span style=\"font-family: verdana, geneva, sans-serif;\">5\u20136. \u00e9vfolyam: <strong>2022. \u00e1prilis 27. 14:00 \u00f3ra<\/strong><\/span><\/li>\r\n\r\n\r\n\r\n<li><span style=\"font-family: verdana, geneva, sans-serif;\">7\u20138. \u00e9vfolyam:<strong> 2022. \u00e1prilis 27. 15:00 \u00f3ra<\/strong><\/span><\/li>\r\n<\/ul>\r\n<p><span style=\"font-family: verdana, geneva, sans-serif;\">\r\n\r\n<\/span><\/p>\r\n<p><span style=\"font-family: verdana, geneva, sans-serif;\">A versenyfel\u00fcletet a kezd\u00e9s el\u0151tt 30 perccel kor\u00e1bban nyitjuk meg, \u00e9s 30 perccel a befejez\u00e9s ut\u00e1n z\u00e1rjuk be.<\/span><\/p>\r\n<p><span style=\"font-family: verdana, geneva, sans-serif;\">\r\n\r\n<\/span><\/p>\r\n<p><span style=\"font-family: verdana, geneva, sans-serif;\">Helysz\u00edn: a versenyz\u0151 saj\u00e1t iskol\u00e1ja.<\/span><\/p>\r\n<p><span style=\"font-family: verdana, geneva, sans-serif;\">\r\n\r\n<\/span><\/p>\r\n<p><span style=\"font-family: verdana, geneva, sans-serif;\">A versenyfel\u00fclet csak pontosan be\u00edrt adatokkal nyithat\u00f3 meg, a szerver el\u00e9rhet\u0151s\u00e9ge \u00e9s a bel\u00e9p\u00e9si adatok (felhaszn\u00e1l\u00f3n\u00e9v \u00e9s jelsz\u00f3) v\u00e1ltozatlanok minden versenyz\u0151 sz\u00e1m\u00e1ra.<\/span><\/p>\r\n<p><span style=\"font-family: verdana, geneva, sans-serif;\">\r\n\r\n<\/span><\/p>\r\n<p><span style=\"font-family: verdana, geneva, sans-serif;\">Feladatlapok megtekint\u00e9se: \u00e1prilis 28. 14:00\u201316:00 \u00f3ra. <\/span><br \/><span style=\"font-family: verdana, geneva, sans-serif;\">A jav\u00edt\u00e1ssal kapcsolatos \u00e9szrev\u00e9teleiket \u00e1prilis 29-\u00e9n \u00e9jf\u00e9lig v\u00e1rjuk a <a href=\"mailto:pk.simonyi-verseny@kre.hu\">pk.simonyi-verseny@kre.hu<\/a> c\u00edmen.<\/span><\/p>\r\n<p><span style=\"font-family: verdana, geneva, sans-serif;\">\r\n\r\n<\/span><\/p>\r\n<p class=\"has-text-align-center\"><span style=\"font-family: verdana, geneva, sans-serif;\">&#8211; &#8211; &#8211; &#8211; o &#8211; &#8211; &#8211; &#8211;<\/span><\/p>\r\n<p><span style=\"font-family: verdana, geneva, sans-serif;\">\r\n\r\n<\/span><\/p>\r\n<p class=\"has-medium-font-size\"><span style=\"font-family: verdana, geneva, sans-serif;\"><strong>Az 1. fordul\u00f3 eredm\u00e9nyei<\/strong><\/span><\/p>\r\n<p><span style=\"font-family: verdana, geneva, sans-serif;\">\r\n\r\n<\/span><\/p>\r\n<p><span style=\"font-family: verdana, geneva, sans-serif;\">Megsz\u00fclettek a magyarorsz\u00e1gi, a felvid\u00e9ki \u00e9s a vajdas\u00e1gi iskol\u00e1knak rendezett versenyfordul\u00f3 v\u00e9gleges eredm\u00e9nyei. A versenyre 1054 int\u00e9zm\u00e9nyb\u0151l 20 837 tanul\u00f3 jelentkezett. K\u00f6z\u00fcl\u00fck 17 144 f\u0151 vett r\u00e9szt az 1. fordul\u00f3ban.<\/span><\/p>\r\n<p><span style=\"font-family: verdana, geneva, sans-serif;\">\r\n\r\n<\/span><\/p>\r\n<p>&nbsp;<\/p>\r\n<p><span style=\"font-family: verdana, geneva, sans-serif;\">\r\n\r\n<\/span><\/p>\r\n<p><span style=\"font-family: verdana, geneva, sans-serif;\">Sz\u00edvb\u0151l gratul\u00e1lunk minden versenyz\u0151nek \u00e9s felk\u00e9sz\u00edt\u0151 tan\u00e1r\u00e1nak!<\/span><\/p>\r\n<p><span style=\"font-family: verdana, geneva, sans-serif;\">\r\n\r\n<\/span><\/p>\r\n<p><span style=\"font-family: verdana, geneva, sans-serif;\"><strong>5. \u00e9vfolyam<\/strong><\/span><\/p>\r\n<p><span style=\"font-family: verdana, geneva, sans-serif;\">\r\n\r\n<\/span><\/p>\r\n<p><span style=\"font-family: verdana, geneva, sans-serif;\">L\u00e9tsz\u00e1m: 4566 f\u0151<\/span><br \/><span style=\"font-family: verdana, geneva, sans-serif;\">\u00c1tlag: 73,08 pont<\/span><br \/><span style=\"font-family: verdana, geneva, sans-serif;\">Legjobb: 100,0 pont<\/span><br \/><span style=\"font-family: verdana, geneva, sans-serif;\">Legjobbak 90 pont f\u00f6l\u00f6tt: 340 f\u0151<\/span><br \/><span style=\"font-family: verdana, geneva, sans-serif;\">Legjobbak 80\u201390 pont k\u00f6z\u00f6tt: 1119 f\u0151<\/span><br \/><span style=\"font-family: verdana, geneva, sans-serif;\">Tov\u00e1bbjut\u00f3k \u00e1tlaga: 81,28 pont<\/span><\/p>\r\n<p><span style=\"font-family: verdana, geneva, sans-serif;\">\r\n\r\n<\/span><\/p>\r\n<p class=\"has-normal-font-size\"><span style=\"font-family: verdana, geneva, sans-serif;\"><strong>6. \u00e9vfolyam<\/strong><\/span><\/p>\r\n<p><span style=\"font-family: verdana, geneva, sans-serif;\">\r\n\r\n<\/span><\/p>\r\n<p><span style=\"font-family: verdana, geneva, sans-serif;\">L\u00e9tsz\u00e1m: 4191 f\u0151<\/span><br \/><span style=\"font-family: verdana, geneva, sans-serif;\">\u00c1tlag: 69,78 pont<\/span><br \/><span style=\"font-family: verdana, geneva, sans-serif;\">Legjobb: 99,55 pont<\/span><br \/><span style=\"font-family: verdana, geneva, sans-serif;\">Legjobbak 90 pont f\u00f6l\u00f6tt: 242 f\u0151<\/span><br \/><span style=\"font-family: verdana, geneva, sans-serif;\">Legjobbak 80\u201390 pont k\u00f6z\u00f6tt: 852 f\u0151<\/span><br \/><span style=\"font-family: verdana, geneva, sans-serif;\">Tov\u00e1bbjut\u00f3k \u00e1tlaga: 79,43 pont<\/span><\/p>\r\n<p><span style=\"font-family: verdana, geneva, sans-serif;\">\r\n\r\n<\/span><\/p>\r\n<p><span style=\"font-family: verdana, geneva, sans-serif;\"><strong>7. \u00e9vfolyam<\/strong><\/span><\/p>\r\n<p><span style=\"font-family: verdana, geneva, sans-serif;\">\r\n\r\n<\/span><\/p>\r\n<p><span style=\"font-family: verdana, geneva, sans-serif;\">L\u00e9tsz\u00e1m: 4077 f\u0151<\/span><br \/><span style=\"font-family: verdana, geneva, sans-serif;\">\u00c1tlag: 64,24 pont<\/span><br \/><span style=\"font-family: verdana, geneva, sans-serif;\">Legjobb: 99,62 pont<\/span><br \/><span style=\"font-family: verdana, geneva, sans-serif;\">Legjobbak 90 pont f\u00f6l\u00f6tt: 99 f\u0151<\/span><br \/><span style=\"font-family: verdana, geneva, sans-serif;\">Legjobbak 80\u201390 pont k\u00f6z\u00f6tt: 410 f\u0151<\/span><br \/><span style=\"font-family: verdana, geneva, sans-serif;\">Tov\u00e1bbjut\u00f3k \u00e1tlaga: 72,31 pont<\/span><\/p>\r\n<p><span style=\"font-family: verdana, geneva, sans-serif;\">\r\n\r\n<\/span><\/p>\r\n<p><span style=\"font-family: verdana, geneva, sans-serif;\"><strong>8. \u00e9vfolyam<\/strong><\/span><\/p>\r\n<p><span style=\"font-family: verdana, geneva, sans-serif;\">\r\n\r\n<\/span><\/p>\r\n<p><span style=\"font-family: verdana, geneva, sans-serif;\">L\u00e9tsz\u00e1m: 3495 f\u0151<\/span><br \/><span style=\"font-family: verdana, geneva, sans-serif;\">\u00c1tlag: 68,78 pont<\/span><br \/><span style=\"font-family: verdana, geneva, sans-serif;\">Legjobb: 99,00 pont<\/span><br \/><span style=\"font-family: verdana, geneva, sans-serif;\">Legjobbak 90 pont f\u00f6l\u00f6tt: 126 f\u0151<\/span><br \/><span style=\"font-family: verdana, geneva, sans-serif;\">Legjobbak 80\u201390 pont k\u00f6z\u00f6tt: 629 f\u0151<\/span><br \/><span style=\"font-family: verdana, geneva, sans-serif;\">Tov\u00e1bbjut\u00f3k \u00e1tlaga: 77,52 pont<\/span><\/p>\r\n<p><span style=\"font-family: verdana, geneva, sans-serif;\">\r\n\r\n<\/span><\/p>\r\n<p><span style=\"font-family: verdana, geneva, sans-serif;\">A versenyz\u0151k szem\u00e9ly szerint el\u00e9rt eredm\u00e9ny\u00e9t minden int\u00e9zm\u00e9ny, illetve iskolai kapcsolattart\u00f3 megkapta \u00edm\u00e9lben.<\/span><\/p>\r\n<p><span style=\"font-family: verdana, geneva, sans-serif;\">\r\n\r\n<\/span><\/p>\r\n<p><span style=\"font-family: verdana, geneva, sans-serif;\">A tov\u00e1bbjut\u00f3kat k\u00fcl\u00f6n \u00edm\u00e9lben \u00e9rtes\u00edtj\u00fck.<\/span><\/p>\r\n<p><span style=\"font-family: verdana, geneva, sans-serif;\">\r\n\r\n<\/span><\/p>\r\n<p class=\"has-text-align-center\"><span style=\"font-family: verdana, geneva, sans-serif;\">&#8211; &#8211; &#8211; &#8211; o &#8211; &#8211; &#8211; &#8211;<\/span><\/p>\r\n<p><span style=\"font-family: verdana, geneva, sans-serif;\">\r\n\r\n<\/span><\/p>\r\n<p class=\"has-medium-font-size\"><span style=\"font-family: verdana, geneva, sans-serif;\"><strong>Felh\u00edv\u00e1s versenyfeladatok k\u00e9sz\u00edt\u00e9s\u00e9re<\/strong><\/span><\/p>\r\n<p><span style=\"font-family: verdana, geneva, sans-serif;\">\r\n\r\n<\/span><\/p>\r\n<p><span style=\"font-family: verdana, geneva, sans-serif;\">P\u00e1ly\u00e1zatot hirdet\u00fcnk \u00e1ltal\u00e1nos \u00e9rv\u00e9ny\u0171, k\u00f6zmeg\u00e1llapod\u00e1son alapul\u00f3 helyes\u00edr\u00e1si versenyfeladatok k\u00e9sz\u00edt\u00e9s\u00e9re. A p\u00e1ly\u00e1zat c\u00e9lja, hogy a versenyre felk\u00e9sz\u00edt\u0151 koll\u00e9g\u00e1kat akt\u00edv r\u00e9sztvev\u0151k\u00e9nt vonjuk be a feladatsorok kialak\u00edt\u00e1s\u00e1nak a munk\u00e1lataiba.<\/span><\/p>\r\n<p><span style=\"font-family: verdana, geneva, sans-serif;\">\r\n\r\n<\/span><\/p>\r\n<p><span style=\"font-family: verdana, geneva, sans-serif;\"><a href=\"https:\/\/simonyi.kre.hu\/wp-content\/uploads\/2022\/03\/Palyazati-felhivas.pdf\" target=\"_blank\" rel=\"noreferrer noopener\">A felh\u00edv\u00e1s r\u00e9szletei itt olvashat\u00f3k<\/a>.<\/span><br \/><span style=\"font-family: verdana, geneva, sans-serif;\"><a href=\"https:\/\/simonyi.kre.hu\/wp-content\/uploads\/2022\/03\/Feladatsablon.docx\">A feladatsablon itt t\u00f6lthet\u0151 le<\/a>.<\/span><\/p>\r\n<p><span style=\"font-family: verdana, geneva, sans-serif;\">\r\n\r\n<\/span><\/p>\r\n<p class=\"has-text-align-center\"><span style=\"font-family: verdana, geneva, sans-serif;\">&#8211; &#8211; &#8211; &#8211; o &#8211; &#8211; &#8211; &#8211;<\/span><\/p>\r\n<p><span style=\"font-family: verdana, geneva, sans-serif;\">\r\n\r\n<\/span><\/p>\r\n<p class=\"has-medium-font-size\"><span style=\"font-family: verdana, geneva, sans-serif;\"><strong>Fontos d\u00e1tumok az 1. fordul\u00f3 el\u0151tt<\/strong><\/span><\/p>\r\n<p><span style=\"font-family: verdana, geneva, sans-serif;\">\r\n\r\n<\/span><\/p>\r\n<p><span style=\"font-family: verdana, geneva, sans-serif;\"><strong>2022. m\u00e1rcius 9.<\/strong> magyarorsz\u00e1gi id\u0151 szerint 14:00 \u00f3ra: versenyt\u00e1j\u00e9koztat\u00f3 a Simonyi-tov\u00e1bbk\u00e9pz\u00e9s keret\u00e9ben<\/span><\/p>\r\n<p><span style=\"font-family: verdana, geneva, sans-serif;\">\r\n\r\n<\/span><\/p>\r\n<p><span style=\"font-family: verdana, geneva, sans-serif;\"><strong>Gyakorl\u00e1si lehet\u0151s\u00e9g<\/strong><\/span><\/p>\r\n<p><span style=\"font-family: verdana, geneva, sans-serif;\">\r\n\r\n<\/span><\/p>\r\n<ul class=\"wp-block-list\">\r\n<li><span style=\"font-family: verdana, geneva, sans-serif;\">5. \u00e9vfolyam: 2022. m\u00e1rcius 17. (cs\u00fct\u00f6rt\u00f6k) magyarorsz\u00e1gi id\u0151 szerint 14:00\u201315:00 \u00f3ra<\/span><\/li>\r\n\r\n\r\n\r\n<li><span style=\"font-family: verdana, geneva, sans-serif;\">6. \u00e9vfolyam: 2022. m\u00e1rcius 17. (cs\u00fct\u00f6rt\u00f6k) magyarorsz\u00e1gi id\u0151 szerint 15:00\u201316:00 \u00f3ra<\/span><\/li>\r\n\r\n\r\n\r\n<li><span style=\"font-family: verdana, geneva, sans-serif;\">7. \u00e9vfolyam: 2022. m\u00e1rcius 18. (p\u00e9ntek) magyarorsz\u00e1gi id\u0151 szerint 14:00\u201315:00 \u00f3ra<\/span><\/li>\r\n\r\n\r\n\r\n<li><span style=\"font-family: verdana, geneva, sans-serif;\">8. \u00e9vfolyam: 2022. m\u00e1rcius 18. (p\u00e9ntek) magyarorsz\u00e1gi id\u0151 szerint 15:00\u201316:00 \u00f3ra<\/span><\/li>\r\n<\/ul>\r\n<p><span style=\"font-family: verdana, geneva, sans-serif;\">\r\n\r\n<\/span><\/p>\r\n<p><span style=\"font-family: verdana, geneva, sans-serif;\">A versenyfel\u00fcletet a kezd\u00e9s el\u0151tt 30 perccel kor\u00e1bban nyitjuk meg, \u00e9s 30 perccel a befejez\u00e9s ut\u00e1n z\u00e1rjuk be.<\/span><\/p>\r\n<p><span style=\"font-family: verdana, geneva, sans-serif;\">\r\n\r\n<\/span><\/p>\r\n<p><span style=\"font-family: verdana, geneva, sans-serif;\">Azok sz\u00e1m\u00e1ra, akik nem tudnak r\u00e9szt venni a gyakorl\u00e1son a megadott napokon, m\u00e1rcius 21-\u00e9n (h\u00e9tf\u0151n) magyarorsz\u00e1gi id\u0151 szerint 14 \u00f3r\u00e1t\u00f3l \u00fajabb gyakorl\u00e1si lehet\u0151s\u00e9get biztos\u00edtunk mind a 4 \u00e9vfolyamnak. K\u00e9rj\u00fck, hogy a gyakorl\u00e1st 16:00-kor fejezz\u00e9k be, ugyanis a szervereket kikapcsoljuk.<\/span><\/p>\r\n<p><span style=\"font-family: verdana, geneva, sans-serif;\">\r\n\r\n<\/span><\/p>\r\n<p><span style=\"font-family: verdana, geneva, sans-serif;\"><strong>Az 1. fordul\u00f3 id\u0151pontjai<\/strong><\/span><\/p>\r\n<p><span style=\"font-family: verdana, geneva, sans-serif;\">\r\n\r\n<\/span><\/p>\r\n<ul class=\"wp-block-list\">\r\n<li><span style=\"font-family: verdana, geneva, sans-serif;\">5. \u00e9vfolyam: 2022. m\u00e1rcius 23. (szerda) magyarorsz\u00e1gi id\u0151 szerint 14:00\u201315:00 \u00f3ra<\/span><\/li>\r\n\r\n\r\n\r\n<li><span style=\"font-family: verdana, geneva, sans-serif;\">6. \u00e9vfolyam: 2022. m\u00e1rcius 23. (szerda) magyarorsz\u00e1gi id\u0151 szerint 15:00\u201316:00 \u00f3ra<\/span><\/li>\r\n\r\n\r\n\r\n<li><span style=\"font-family: verdana, geneva, sans-serif;\">7. \u00e9vfolyam: 2022. m\u00e1rcius 24. (cs\u00fct\u00f6rt\u00f6k) magyarorsz\u00e1gi id\u0151 szerint 14:00\u201315:00 \u00f3ra<\/span><\/li>\r\n\r\n\r\n\r\n<li><span style=\"font-family: verdana, geneva, sans-serif;\">8. \u00e9vfolyam: 2022. m\u00e1rcius 24. (cs\u00fct\u00f6rt\u00f6k) magyarorsz\u00e1gi id\u0151 szerint 15:00\u201316:00 \u00f3ra<\/span><\/li>\r\n<\/ul>\r\n<p><span style=\"font-family: verdana, geneva, sans-serif;\">\r\n\r\n<\/span><\/p>\r\n<p><span style=\"font-family: verdana, geneva, sans-serif;\">A bel\u00e9p\u00e9si k\u00f3dokat a gyakorl\u00e1s el\u0151tt \u00edm\u00e9lben k\u00fcldj\u00fck meg.<\/span><\/p>\r\n<p><span style=\"font-family: verdana, geneva, sans-serif;\">\r\n\r\n<\/span><\/p>\r\n<p class=\"has-text-align-center\"><span style=\"font-family: verdana, geneva, sans-serif;\">&#8211; &#8211; &#8211; &#8211; o &#8211; &#8211; &#8211; &#8211;<\/span><\/p>\r\n<p><span style=\"font-family: verdana, geneva, sans-serif;\">\r\n\r\n<\/span><\/p>\r\n<p class=\"has-medium-font-size\"><span style=\"font-family: verdana, geneva, sans-serif;\"><strong>Tov\u00e1bbk\u00e9pz\u00e9s<\/strong><\/span><\/p>\r\n<p><span style=\"font-family: verdana, geneva, sans-serif;\">\r\n\r\n<\/span><\/p>\r\n<p><span style=\"font-family: verdana, geneva, sans-serif;\">2022. febru\u00e1r 23-\u00e1n sikeresen lezajlott a Simonyi-tov\u00e1bbk\u00e9pz\u00e9s els\u0151 el\u0151ad\u00e1sa, amelyet dr. H. T\u00f3th Istv\u00e1n tan\u00e1r \u00far tartott <em>A k\u00f6zmond\u00e1sok, a sz\u00f3l\u00e1sok \u00e9s a sz\u00f3l\u00e1shasonlatok a besz\u00e9dm\u0171vel\u00e9s tan\u00edt\u00e1s\u00e1ban<\/em> c\u00edmmel.<\/span><\/p>\r\n<p><span style=\"font-family: verdana, geneva, sans-serif;\">\r\n\r\n<\/span><\/p>\r\n<p><span style=\"font-family: verdana, geneva, sans-serif;\">Az el\u0151ad\u00e1s felv\u00e9tele \u00e9s h\u00e1tt\u00e9ranyaga honlapunkon a <a href=\"https:\/\/simonyi.kre.hu\/?page_id=1277\">Tov\u00e1bbk\u00e9pz\u00e9s<\/a> men\u00fcpontban \u00e9rhet\u0151 el.<\/span><\/p>\r\n<p><span style=\"font-family: verdana, geneva, sans-serif;\">\r\n\r\n<\/span><\/p>\r\n<p class=\"has-text-align-center\"><span style=\"font-family: verdana, geneva, sans-serif;\">&#8211; &#8211; &#8211; &#8211; o &#8211; &#8211; &#8211; &#8211;<\/span><\/p>\r\n<p><span style=\"font-family: verdana, geneva, sans-serif;\">\r\n\r\n<\/span><\/p>\r\n<p class=\"has-medium-font-size\"><span style=\"font-family: verdana, geneva, sans-serif;\"><strong>Az 1. fordul\u00f3 erd\u00e9lyi eredm\u00e9nyei<\/strong><\/span><\/p>\r\n<p><span style=\"font-family: verdana, geneva, sans-serif;\">\r\n\r\n<\/span><\/p>\r\n<p><span style=\"font-family: verdana, geneva, sans-serif;\">Megsz\u00fclettek az erd\u00e9lyi iskol\u00e1knak rendezett versenyfordul\u00f3 v\u00e9gleges eredm\u00e9nyei. A versenyre 102 int\u00e9zm\u00e9nyb\u0151l 958 tanul\u00f3 jelentkezett. K\u00f6z\u00fcl\u00fck 816 f\u0151 vett r\u00e9szt az 1. fordul\u00f3ban.<\/span><\/p>\r\n<p><span style=\"font-family: verdana, geneva, sans-serif;\">\r\n\r\n<\/span><\/p>\r\n<p><span style=\"font-family: verdana, geneva, sans-serif;\">Nagy \u00f6r\u00f6m, hogy ez a l\u00e9tsz\u00e1m magasabb a tavalyin\u00e1l, \u00e9s az eredm\u00e9nyek is jobbak, mint az el\u0151z\u0151 \u00e9vi 1. fordul\u00f3 verseny\u00e1tlaga.<\/span><\/p>\r\n<p><span style=\"font-family: verdana, geneva, sans-serif;\">\r\n\r\n<\/span><\/p>\r\n<p><span style=\"font-family: verdana, geneva, sans-serif;\">Sz\u00edvb\u0151l gratul\u00e1lunk minden versenyz\u0151nek \u00e9s felk\u00e9sz\u00edt\u0151 tan\u00e1r\u00e1nak!<\/span><\/p>\r\n<p><span style=\"font-family: verdana, geneva, sans-serif;\">\r\n\r\n<\/span><\/p>\r\n<p><span style=\"font-family: verdana, geneva, sans-serif;\"><strong>5. \u00e9vfolyam<\/strong><\/span><\/p>\r\n<p><span style=\"font-family: verdana, geneva, sans-serif;\">\r\n\r\n<\/span><\/p>\r\n<p><span style=\"font-family: verdana, geneva, sans-serif;\">L\u00e9tsz\u00e1m: 247 f\u0151<\/span><br \/><span style=\"font-family: verdana, geneva, sans-serif;\">\u00c1tlag: 74,12 pont<\/span><br \/><span style=\"font-family: verdana, geneva, sans-serif;\">Legjobb: 98,0 pont<\/span><br \/><span style=\"font-family: verdana, geneva, sans-serif;\">Legjobbak 90 pont f\u00f6l\u00f6tt: 25 f\u0151<\/span><br \/><span style=\"font-family: verdana, geneva, sans-serif;\">Legjobbak 80\u201390 pont k\u00f6z\u00f6tt: 55 f\u0151<\/span><\/p>\r\n<p><span style=\"font-family: verdana, geneva, sans-serif;\">\r\n\r\n<\/span><\/p>\r\n<p class=\"has-normal-font-size\"><span style=\"font-family: verdana, geneva, sans-serif;\"><strong>6. \u00e9vfolyam<\/strong><\/span><\/p>\r\n<p><span style=\"font-family: verdana, geneva, sans-serif;\">\r\n\r\n<\/span><\/p>\r\n<p><span style=\"font-family: verdana, geneva, sans-serif;\">L\u00e9tsz\u00e1m: 261 f\u0151<\/span><br \/><span style=\"font-family: verdana, geneva, sans-serif;\">\u00c1tlag: 64,8 pont<\/span><br \/><span style=\"font-family: verdana, geneva, sans-serif;\">Legjobb: 98,2 pont<\/span><br \/><span style=\"font-family: verdana, geneva, sans-serif;\">Legjobbak 90 pont f\u00f6l\u00f6tt: 12 f\u0151<\/span><br \/><span style=\"font-family: verdana, geneva, sans-serif;\">Legjobbak 80\u201390 pont k\u00f6z\u00f6tt: 37 f\u0151<\/span><\/p>\r\n<p><span style=\"font-family: verdana, geneva, sans-serif;\">\r\n\r\n<\/span><\/p>\r\n<p><span style=\"font-family: verdana, geneva, sans-serif;\"><strong>7. \u00e9vfolyam<\/strong><\/span><\/p>\r\n<p><span style=\"font-family: verdana, geneva, sans-serif;\">\r\n\r\n<\/span><\/p>\r\n<p><span style=\"font-family: verdana, geneva, sans-serif;\">L\u00e9tsz\u00e1m: 181 f\u0151<\/span><br \/><span style=\"font-family: verdana, geneva, sans-serif;\">\u00c1tlag: 64,26 pont<\/span><br \/><span style=\"font-family: verdana, geneva, sans-serif;\">Legjobb: 99,5 pont<\/span><br \/><span style=\"font-family: verdana, geneva, sans-serif;\">Legjobbak 90 pont f\u00f6l\u00f6tt: 7 f\u0151<\/span><br \/><span style=\"font-family: verdana, geneva, sans-serif;\">Legjobbak 80\u201390 pont k\u00f6z\u00f6tt: 18 f\u0151<\/span><\/p>\r\n<p><span style=\"font-family: verdana, geneva, sans-serif;\">\r\n\r\n<\/span><\/p>\r\n<p><span style=\"font-family: verdana, geneva, sans-serif;\"><strong>8. \u00e9vfolyam<\/strong><\/span><\/p>\r\n<p><span style=\"font-family: verdana, geneva, sans-serif;\">\r\n\r\n<\/span><\/p>\r\n<p><span style=\"font-family: verdana, geneva, sans-serif;\">L\u00e9tsz\u00e1m: 127 f\u0151<\/span><br \/><span style=\"font-family: verdana, geneva, sans-serif;\">\u00c1tlag: 65,97 pont<\/span><br \/><span style=\"font-family: verdana, geneva, sans-serif;\">Legjobb: 94,24 pont<\/span><br \/><span style=\"font-family: verdana, geneva, sans-serif;\">Legjobbak 90 pont f\u00f6l\u00f6tt: 4 f\u0151<\/span><br \/><span style=\"font-family: verdana, geneva, sans-serif;\">Legjobbak 80\u201390 pont k\u00f6z\u00f6tt: 18 f\u0151<\/span><\/p>\r\n<p><span style=\"font-family: verdana, geneva, sans-serif;\">\r\n\r\n<\/span><\/p>\r\n<p><span style=\"font-family: verdana, geneva, sans-serif;\">A versenyz\u0151k szem\u00e9ly szerint el\u00e9rt eredm\u00e9ny\u00e9t minden int\u00e9zm\u00e9ny, illetve iskolai kapcsolattart\u00f3 megkapta \u00edm\u00e9lben.<\/span><\/p>\r\n<p><span style=\"font-family: verdana, geneva, sans-serif;\">\r\n\r\n<\/span><\/p>\r\n<p><span style=\"font-family: verdana, geneva, sans-serif;\">A tov\u00e1bbjut\u00f3kat k\u00fcl\u00f6n \u00edm\u00e9lben \u00e9rtes\u00edtj\u00fck az Anyanyelv\u00e1pol\u00f3k Erd\u00e9lyi Sz\u00f6vets\u00e9g\u00e9vel t\u00f6rt\u00e9n\u0151 egyeztet\u00e9st k\u00f6vet\u0151en.<\/span><\/p>\r\n<p><span style=\"font-family: verdana, geneva, sans-serif;\">\r\n\r\n<\/span><\/p>\r\n<p class=\"has-text-align-center\"><span style=\"font-family: verdana, geneva, sans-serif;\">&#8211; &#8211; &#8211; &#8211; o &#8211; &#8211; &#8211; &#8211;<\/span><\/p>\r\n<p><span style=\"font-family: verdana, geneva, sans-serif;\">\r\n\r\n<\/span><\/p>\r\n<p class=\"has-medium-font-size\"><span style=\"font-family: verdana, geneva, sans-serif;\"><strong>Tisztelettel \u00e9s szeretettel k\u00f6sz\u00f6nti Gr\u00e9tsy L\u00e1szl\u00f3 tan\u00e1r urat 90. sz\u00fclet\u00e9snapj\u00e1n\u00a0 a 25. \u00e9vfordul\u00f3j\u00e1t \u00fcnnepl\u0151 Simonyi-verseny.<\/strong><\/span><\/p>\r\n<p><span style=\"font-family: verdana, geneva, sans-serif;\">\r\n\r\n<\/span><\/p>\r\n<p><span style=\"font-family: verdana, geneva, sans-serif;\"><a href=\"http:\/\/anyanyelvapolo.hu\/magyarorszag-legnepszerubb-nyelvesze-90-eves\/?fbclid=IwAR2KOk0Zm_DyW58sXynRMXY3DKKDhC5VSeyDIrECnm7LVVqbLyReGZbo-KA\">Magyarorsz\u00e1g legn\u00e9pszer\u0171bb nyelv\u00e9sze<\/a><\/span><\/p>\r\n<p><span style=\"font-family: verdana, geneva, sans-serif;\">\r\n\r\n<\/span><\/p>\r\n<p><span style=\"font-family: verdana, geneva, sans-serif;\"><a href=\"https:\/\/www.youtube.com\/watch?v=CQGiM6IAM60\">\u00c1lljunk meg egy sz\u00f3ra! (1992)<\/a><\/span><\/p>\r\n<p><span style=\"font-family: verdana, geneva, sans-serif;\">\r\n\r\n<\/span><\/p>\r\n<p><span style=\"font-family: verdana, geneva, sans-serif;\"><a href=\"https:\/\/www.youtube.com\/watch?v=CzcHZz8FjtY\">\u00c1lljunk meg egy sz\u00f3ra! (1994)<\/a><\/span><\/p>\r\n<p><span style=\"font-family: verdana, geneva, sans-serif;\">\r\n\r\n<\/span><\/p>\r\n<p>&nbsp;<\/p>\r\n<p><span style=\"font-family: verdana, geneva, sans-serif;\">\r\n\r\n<\/span><\/p>\r\n<p class=\"has-text-align-center\"><span style=\"font-family: verdana, geneva, sans-serif;\">&#8211; &#8211; &#8211; &#8211; o &#8211; &#8211; &#8211; &#8211;<\/span><\/p>\r\n<p><span style=\"font-family: verdana, geneva, sans-serif;\">\r\n\r\n<\/span><\/p>\r\n<p class=\"has-medium-font-size\"><span style=\"font-family: verdana, geneva, sans-serif;\"><strong>Sikeres 1. fordul\u00f3 Erd\u00e9lyben<\/strong><\/span><\/p>\r\n<p><span style=\"font-family: verdana, geneva, sans-serif;\">\r\n\r\n<\/span><\/p>\r\n<p><span style=\"font-family: verdana, geneva, sans-serif;\">Tisztelt Koll\u00e9g\u00e1k!<\/span><br \/><span style=\"font-family: verdana, geneva, sans-serif;\">Kedves Versenyz\u0151k!<\/span><\/p>\r\n<p><span style=\"font-family: verdana, geneva, sans-serif;\">\r\n\r\n<\/span><\/p>\r\n<p><span style=\"font-family: verdana, geneva, sans-serif;\">\u00d6r\u00f6mmel tudatjuk, hogy febru\u00e1r 5-\u00e9n sikeresen lezajlott a helyes\u00edr\u00e1si verseny 1. fordul\u00f3ja Erd\u00e9lyben, amelyen a 102 iskol\u00e1b\u00f3l jelentkez\u0151 958 tanul\u00f3 k\u00f6z\u00fcl 813 versenyz\u0151 kapcsol\u00f3dott be a versenybe, \u00e9s adott le \u00e9rv\u00e9nyes feladatsort.<\/span><br \/><span style=\"font-family: verdana, geneva, sans-serif;\">A feladatlapok \u00e9s a versenyeredm\u00e9nyek <strong>megtekint\u00e9se \u2013 magyarorsz\u00e1gi id\u0151 szerint <\/strong>\u2013 az al\u00e1bbi id\u0151pontokban lehets\u00e9ges:<\/span><\/p>\r\n<p><span style=\"font-family: verdana, geneva, sans-serif;\">\r\n\r\n<\/span><\/p>\r\n<p><span style=\"font-family: verdana, geneva, sans-serif;\">5. \u00e9s 6. \u00e9vfolyam \u2013 2022. febru\u00e1r 8. (kedd) 14:00\u201315:00 \u00f3ra<\/span><br \/><span style=\"font-family: verdana, geneva, sans-serif;\">7. \u00e9s 8. \u00e9vfolyam \u2013 2022. febru\u00e1r 8. (kedd) 15:00\u201316:00 \u00f3ra<\/span><\/p>\r\n<p><span style=\"font-family: verdana, geneva, sans-serif;\">\r\n\r\n<\/span><\/p>\r\n<p><span style=\"font-family: verdana, geneva, sans-serif;\">A feladatokat a sz\u00e1m\u00edt\u00f3g\u00e9pes rendszer egys\u00e9gesen jav\u00edtotta. A jav\u00edt\u00e1ssal kapcsolatban v\u00e1rjuk \u00e9szrev\u00e9teleiket 2022. febru\u00e1r 11-ig a <a href=\"mailto:pk.simonyi-verseny@kre.hu\">pk.simonyi-verseny@kre.hu<\/a> c\u00edmen. Ezt k\u00f6vet\u0151en v\u00e9gleges\u00edtj\u00fck az eredm\u00e9nyeket.<\/span><\/p>\r\n<p><span style=\"font-family: verdana, geneva, sans-serif;\">\r\n\r\n<\/span><\/p>\r\n<p class=\"has-text-align-center\"><span style=\"font-family: verdana, geneva, sans-serif;\">&#8211; &#8211; &#8211; &#8211; o &#8211; &#8211; &#8211; &#8211;<\/span><\/p>\r\n<p><span style=\"font-family: verdana, geneva, sans-serif;\">\r\n\r\n<\/span><\/p>\r\n<p class=\"has-medium-font-size\"><span style=\"font-family: verdana, geneva, sans-serif;\"><strong>Simonyi-start Erd\u00e9lyben<\/strong><\/span><\/p>\r\n<p><span style=\"font-family: verdana, geneva, sans-serif;\">\r\n\r\n<\/span><\/p>\r\n<p><span style=\"font-family: verdana, geneva, sans-serif;\">2022. janu\u00e1r 31. (magyarorsz\u00e1gi id\u0151 szerint) 13:00 \u00f3ra<\/span><br \/><span style=\"font-family: verdana, geneva, sans-serif;\">Versenyt\u00e1j\u00e9koztat\u00f3 az <strong><span class=\"has-inline-color\" style=\"color: #043098;\">erd\u00e9lyi tan\u00e1r koll\u00e9g\u00e1knak<\/span><\/strong><\/span><\/p>\r\n<p><span style=\"font-family: verdana, geneva, sans-serif;\">\r\n\r\n<\/span><\/p>\r\n<p><span style=\"font-family: verdana, geneva, sans-serif;\">2022. febru\u00e1r 1. (magyarorsz\u00e1gi id\u0151 szerint) 13:00\u201315:00 \u00f3ra<\/span><br \/><span style=\"font-family: verdana, geneva, sans-serif;\">Gyakorl\u00e1si lehet\u0151s\u00e9g az <strong><span class=\"has-inline-color\" style=\"color: #043098;\">erd\u00e9lyi versenyz\u0151k <\/span><\/strong>sz\u00e1m\u00e1ra<\/span><\/p>\r\n<p><span style=\"font-family: verdana, geneva, sans-serif;\">\r\n\r\n<\/span><\/p>\r\n<p><span style=\"font-family: verdana, geneva, sans-serif;\">2022. febru\u00e1r 5. (magyarorsz\u00e1gi id\u0151 szerint) 9:00\u201311:00 \u00f3ra<\/span><br \/><span style=\"font-family: verdana, geneva, sans-serif;\">Az 1. fordul\u00f3 id\u0151pontja az <strong><span class=\"has-inline-color\" style=\"color: #043098;\">erd\u00e9lyi versenyz\u0151k <\/span><\/strong>sz\u00e1m\u00e1ra<\/span><\/p>\r\n<p><span style=\"font-family: verdana, geneva, sans-serif;\">\r\n\r\n<\/span><\/p>\r\n<p><span style=\"font-family: verdana, geneva, sans-serif;\">A t\u00e1j\u00e9koztat\u00f3 linkj\u00e9t, a versenyfel\u00fclet el\u00e9rhet\u0151s\u00e9g\u00e9t \u00e9s a bel\u00e9p\u00e9si adatokat 2022. janu\u00e1r 27-\u00e9n \u00edm\u00e9lben kapj\u00e1k meg a r\u00e9szt vev\u0151 erd\u00e9lyi int\u00e9zm\u00e9nyek.<\/span><\/p>\r\n<p><span style=\"font-family: verdana, geneva, sans-serif;\">\r\n\r\n<\/span><\/p>\r\n<p class=\"has-text-align-center\"><span style=\"font-family: verdana, geneva, sans-serif;\">&#8211; &#8211; &#8211; &#8211; o &#8211; &#8211; &#8211; &#8211;<\/span><\/p>\r\n<p><span style=\"font-family: verdana, geneva, sans-serif;\">\r\n\r\n<\/span><\/p>\r\n<p class=\"has-medium-font-size\"><span style=\"font-family: verdana, geneva, sans-serif;\"><strong>Indul a verseny\u2026<\/strong><\/span><\/p>\r\n<p><span style=\"font-family: verdana, geneva, sans-serif;\">\r\n\r\n<\/span><\/p>\r\n<p><span style=\"font-family: verdana, geneva, sans-serif;\">A versenyki\u00edr\u00e1snak megfelel\u0151en az 1. fordul\u00f3 id\u0151pontja:<\/span><\/p>\r\n<p><span style=\"font-family: verdana, geneva, sans-serif;\">\r\n\r\n<\/span><\/p>\r\n<p><span style=\"font-family: verdana, geneva, sans-serif;\">\u2013 az <span class=\"has-inline-color\" style=\"color: #043098;\"><strong>erd\u00e9lyi<\/strong> <\/span>versenyz\u0151k sz\u00e1m\u00e1ra 2022. febru\u00e1r 5. (szombat),<\/span><\/p>\r\n<p><span style=\"font-family: verdana, geneva, sans-serif;\">\r\n\r\n<\/span><\/p>\r\n<p><span style=\"font-family: verdana, geneva, sans-serif;\">\u2013 a <strong><span class=\"has-inline-color\" style=\"color: #043098;\">magyarorsz\u00e1gi<\/span><\/strong>, a <strong><span class=\"has-inline-color\" style=\"color: #043098;\">felvid\u00e9ki<\/span><\/strong>, a <strong><span class=\"has-inline-color\" style=\"color: #043098;\">k\u00e1rp\u00e1taljai <\/span><\/strong>\u00e9s a <strong><span class=\"has-inline-color\" style=\"color: #043098;\">vajdas\u00e1gi <\/span><\/strong>versenyz\u0151k sz\u00e1m\u00e1ra 2022. m\u00e1rcius 23\u201324. (szerda \u00e9s cs\u00fct\u00f6rt\u00f6k).<\/span><\/p>\r\n<p><span style=\"font-family: verdana, geneva, sans-serif;\">\r\n\r\n<\/span><\/p>\r\n<p><span style=\"font-family: verdana, geneva, sans-serif;\">A fordul\u00f3t megel\u0151z\u0151en versenyt\u00e1j\u00e9koztat\u00f3t tartunk a tan\u00e1r koll\u00e9g\u00e1knak, \u00e9s gyakorl\u00e1si lehet\u0151s\u00e9get biztos\u00edtunk a versenyz\u0151 di\u00e1koknak. A r\u00e9szletekr\u0151l az 1. fordul\u00f3 megkezd\u00e9se el\u0151tt \u00edm\u00e9lben id\u0151ben t\u00e1j\u00e9koztatjuk a koll\u00e9g\u00e1kat.<\/span><\/p>\r\n<p><span style=\"font-family: verdana, geneva, sans-serif;\">\r\n\r\n<\/span><\/p>\r\n<p class=\"has-text-align-center\"><span style=\"font-family: verdana, geneva, sans-serif;\">&#8211; &#8211; &#8211; &#8211; o &#8211; &#8211; &#8211; &#8211;<\/span><\/p>\r\n<p><span style=\"font-family: verdana, geneva, sans-serif;\">\r\n\r\n<\/span><\/p>\r\n<p class=\"has-medium-font-size\"><span style=\"font-family: verdana, geneva, sans-serif;\"><strong>Lez\u00e1rult a jelentkez\u00e9s a helyes\u00edr\u00e1si versenyre<\/strong><\/span><\/p>\r\n<p><span style=\"font-family: verdana, geneva, sans-serif;\">\r\n\r\n<\/span><\/p>\r\n<p><span style=\"font-family: verdana, geneva, sans-serif;\">Tisztelt Koll\u00e9g\u00e1k!<\/span><br \/><span style=\"font-family: verdana, geneva, sans-serif;\">Kedves Versenyz\u0151k!<\/span><\/p>\r\n<p><span style=\"font-family: verdana, geneva, sans-serif;\">\r\n\r\n<\/span><\/p>\r\n<p><span style=\"font-family: verdana, geneva, sans-serif;\">A XXV. Simonyi Zsigmond K\u00e1rp\u00e1t-medencei <strong>helyes\u00edr\u00e1si<\/strong> versenyre lez\u00e1rtuk a jelentkez\u00e9st.<\/span><\/p>\r\n<p><span style=\"font-family: verdana, geneva, sans-serif;\">\r\n\r\n<\/span><\/p>\r\n<p><span style=\"font-family: verdana, geneva, sans-serif;\">A nevez\u0151 int\u00e9zm\u00e9nyek sz\u00e1ma:\u00a0 1184 iskola.<\/span><\/p>\r\n<p><span style=\"font-family: verdana, geneva, sans-serif;\">\r\n\r\n<\/span><\/p>\r\n<p><span style=\"font-family: verdana, geneva, sans-serif;\">A nevezett tanul\u00f3k sz\u00e1ma:\u00a0 22 300 f\u0151.<\/span><\/p>\r\n<p><span style=\"font-family: verdana, geneva, sans-serif;\">\r\n\r\n<\/span><\/p>\r\n<p><span style=\"font-family: verdana, geneva, sans-serif;\">A nevez\u00e9si adatokat \u00edm\u00e9lben igazoljuk vissza janu\u00e1r 18-\u00e1n a regisztr\u00e1ci\u00f3s fel\u00fcleten megadott int\u00e9zm\u00e9nyi \u00e9s kapcsolattart\u00f3i \u00edm\u00e9lc\u00edmekre. K\u00e9rj\u00fck, hogy akihez nem jut el a level\u00fcnk, \u00edm\u00e9lben felt\u00e9tlen\u00fcl vegye fel a versenyszervez\u0151kkel a kapcsolatot a <a href=\"mailto:pk.simonyi-verseny@kre.hu\">pk.simonyi-verseny@kre.hu<\/a> c\u00edmen.<\/span><\/p>\r\n<p><span style=\"font-family: verdana, geneva, sans-serif;\">\r\n\r\n<\/span><\/p>\r\n<p><span style=\"font-family: verdana, geneva, sans-serif;\">K\u00f6sz\u00f6nj\u00fck jelentkez\u00e9s\u00fcket!<\/span><\/p>\r\n<p><span style=\"font-family: verdana, geneva, sans-serif;\">\r\n\r\n<\/span><\/p>\r\n<p class=\"has-text-align-center\"><span style=\"font-family: verdana, geneva, sans-serif;\">&#8211; &#8211; &#8211; &#8211; o &#8211; &#8211; &#8211; &#8211;<\/span><\/p>\r\n<p><span style=\"font-family: verdana, geneva, sans-serif;\">\r\n\r\n<\/span><\/p>\r\n<p><span style=\"font-family: verdana, geneva, sans-serif;\"><strong><span class=\"has-inline-color has-vivid-red-color\">Meghosszab\u00edtottuk a Simonyi-verseny jelentkez\u00e9si hat\u00e1ridej\u00e9t: 2022. janu\u00e1r 16-ig!<\/span><\/strong><\/span><\/p>\r\n<p><span style=\"font-family: verdana, geneva, sans-serif;\">\r\n\r\n<\/span><\/p>\r\n<p class=\"has-text-align-center\"><span style=\"font-family: verdana, geneva, sans-serif;\">&#8211; &#8211; &#8211; &#8211; o &#8211; &#8211; &#8211; &#8211;<\/span><\/p>\r\n<p><span style=\"font-family: verdana, geneva, sans-serif;\">\r\n\r\n<\/span><\/p>\r\n<p class=\"has-text-align-left has-vivid-red-color has-text-color has-normal-font-size\"><span style=\"font-family: verdana, geneva, sans-serif;\"><strong><span class=\"has-inline-color has-black-color\">Jelentkez\u00e9s a Simonyi-versenyre:\u00a02022. janu\u00e1r 10-ig.<\/span><\/strong><\/span><\/p>\r\n<p><span style=\"font-family: verdana, geneva, sans-serif;\">\r\n\r\n<\/span><\/p>\r\n<p><span style=\"font-family: verdana, geneva, sans-serif;\">Ne feledkezzenek meg a hozz\u00e1j\u00e1rul\u00f3 nyilatkozatok visszak\u00fcld\u00e9s\u00e9r\u0151l!<\/span><br \/><span style=\"font-family: verdana, geneva, sans-serif;\">A nyilatkozatok el\u00e9rhet\u0151k a <a href=\"https:\/\/simonyi.kre.hu\/?page_id=1062\"><strong>Regisztr\u00e1ci\u00f3<\/strong> <\/a>oldalon az <strong>Adatv\u00e9delem<\/strong> alatt.<\/span><\/p>\r\n<p><span style=\"font-family: verdana, geneva, sans-serif;\">\r\n\r\n<\/span><\/p>\r\n<p class=\"has-text-align-center\"><span style=\"font-family: verdana, geneva, sans-serif;\">&#8211; &#8211; &#8211; &#8211; o &#8211; &#8211; &#8211; &#8211;<\/span><\/p>\r\n<p><span style=\"font-family: verdana, geneva, sans-serif;\">\r\n\r\n<\/span><\/p>\r\n<p class=\"has-text-align-left has-medium-font-size\"><span style=\"font-family: verdana, geneva, sans-serif;\"><strong>Nyelvi verseny a Simonyi keret\u00e9ben<\/strong><\/span><br \/><span style=\"font-family: verdana, geneva, sans-serif;\"><strong>magyar sz\u00e1rmaz\u00e1s\u00fa k\u00fclf\u00f6ldi gyermekeknek<\/strong><\/span><\/p>\r\n<p><span style=\"font-family: verdana, geneva, sans-serif;\">\r\n\r\n<\/span><\/p>\r\n<p><span style=\"font-family: verdana, geneva, sans-serif;\">A diaszp\u00f3r\u00e1ban \u00e9l\u0151 magyar sz\u00e1rmaz\u00e1s\u00fa gyermekek sz\u00e1m\u00e1ra \u00faj kateg\u00f3ri\u00e1val b\u0151v\u00edtj\u00fck a Simonyi-versenyt. A magyar mint sz\u00e1rmaz\u00e1snyelvi verseny c\u00e9lcsoportja olyan 11\u201316 \u00e9ves k\u00e9tnyelv\u0171 gyermekek, akik sz\u00e1m\u00e1ra fontos a sz\u00e1rmaz\u00e1snyelv meg\u0151rz\u00e9se, \u00edgy az is, hogy a nyelvtud\u00e1suk a sz\u00f3belis\u00e9g mellett \u00edr\u00e1sban is magas szinten \u00e1lljon. A megm\u00e9rettet\u00e9s j\u00f3 gyakorl\u00e1si lehet\u0151s\u00e9g a k\u00e9s\u0151bbi ECL nyelvvizsg\u00e1hoz.<\/span><\/p>\r\n<p><span style=\"font-family: verdana, geneva, sans-serif;\">\r\n\r\n<\/span><\/p>\r\n<p><span style=\"font-family: verdana, geneva, sans-serif;\">Az online magyar nyelvi verseny k\u00e9t r\u00e9szb\u0151l \u00e1ll. A gyakorl\u00e1st k\u00f6vet\u0151en a versenyz\u0151k a nyelvi szinteknek megfelel\u0151en fokozatosan nehezed\u0151 feladatokat oldanak meg digit\u00e1lis fel\u00fcleten.<\/span><\/p>\r\n<p><span style=\"font-family: verdana, geneva, sans-serif;\">\r\n\r\n<\/span><\/p>\r\n<p><span class=\"has-inline-color has-vivid-red-color\" style=\"font-family: verdana, geneva, sans-serif;\">Jelentkez\u00e9si hat\u00e1rid\u0151: 2022. janu\u00e1r 30.<\/span><br \/><span style=\"font-family: verdana, geneva, sans-serif;\">B\u0151vebb inform\u00e1ci\u00f3 olvashat\u00f3 a <a href=\"https:\/\/simonyi.kre.hu\/?page_id=1075\"><strong>Diaszp\u00f3ra<\/strong> <\/a>oldalon.<\/span><\/p>\r\n<p><span style=\"font-family: verdana, geneva, sans-serif;\">\r\n\r\n<\/span><\/p>\r\n<p class=\"has-text-align-center\"><span style=\"font-family: verdana, geneva, sans-serif;\">&#8211; &#8211; &#8211; &#8211; o &#8211; &#8211; &#8211; &#8211;<\/span><\/p>\r\n<p><span style=\"font-family: verdana, geneva, sans-serif;\">\r\n\r\n<\/span><\/p>\r\n<p class=\"has-text-align-left has-medium-font-size\"><span style=\"font-family: verdana, geneva, sans-serif;\"><strong>Simonyi-verseny a 2021\/22-es tan\u00e9vben<\/strong><\/span><\/p>\r\n<p><span style=\"font-family: verdana, geneva, sans-serif;\">\r\n\r\n<\/span><\/p>\r\n<p><span style=\"font-family: verdana, geneva, sans-serif;\">Tisztelt Koll\u00e9g\u00e1k!<\/span><br \/><span style=\"font-family: verdana, geneva, sans-serif;\">Tisztelt \u00c9rdekl\u0151d\u0151k!<\/span><br \/><span style=\"font-family: verdana, geneva, sans-serif;\">Kedves leend\u0151 Versenyz\u0151k!<\/span><\/p>\r\n<p><span style=\"font-family: verdana, geneva, sans-serif;\">\r\n\r\n<\/span><\/p>\r\n<p><span style=\"font-family: verdana, geneva, sans-serif;\">A 2021\/22-es tan\u00e9vben a 25. \u00e9vfordul\u00f3j\u00e1t \u00fcnnepli a Simonyi Zsigmond K\u00e1rp\u00e1t-medencei helyes\u00edr\u00e1si verseny, amelyre megk\u00fcl\u00f6nb\u00f6ztetett tisztelettel \u00e9s sok szeretettel v\u00e1runk mindenkit.<\/span><br \/><span style=\"font-family: verdana, geneva, sans-serif;\">Az aktu\u00e1lis versenyki\u00edr\u00e1s \u00e9s versenyszab\u00e1lyzat honlapunk megfelel\u0151 men\u00fcpontjaiban olvashat\u00f3.<\/span><br \/><span style=\"font-family: verdana, geneva, sans-serif;\">A versenyre a regisztr\u00e1ci\u00f3 2021. november 1-j\u00e9n kezd\u0151dik, \u00e9s 2022. janu\u00e1r 10-\u00e9n z\u00e1rul.<\/span><\/p>\r\n<p><span style=\"font-family: verdana, geneva, sans-serif;\">\r\n\r\n<\/span><\/p>\r\n<p><span style=\"font-family: verdana, geneva, sans-serif;\">\u00dcdv\u00f6zlettel:<\/span><br \/><span style=\"font-family: verdana, geneva, sans-serif;\"><em>A versenyszervez\u0151k<\/em><\/span><\/p>\r\n<p><span style=\"font-family: verdana, geneva, sans-serif;\">\r\n\r\n<\/span><\/p>\r\n<p class=\"has-text-align-center\"><span style=\"font-family: verdana, geneva, sans-serif;\">&#8211; &#8211; &#8211; &#8211; o &#8211; &#8211; &#8211; &#8211;<\/span><\/p>\r\n<p><span style=\"font-family: verdana, geneva, sans-serif;\">\r\n\r\n<\/span><\/p>\r\n<p style=\"font-size: 22px;\"><span style=\"font-family: verdana, geneva, sans-serif;\"><strong><a href=\"https:\/\/forms.office.com\/r\/nQAyKDd2Qr\" target=\"_blank\" rel=\"noreferrer noopener\" data-type=\"URL\" data-id=\"https:\/\/forms.office.com\/r\/nQAyKDd2Qr\">El\u00e9gedetts\u00e9gm\u00e9r\u00e9s<\/a><\/strong><\/span><\/p>\r\n<p><span style=\"font-family: verdana, geneva, sans-serif;\">\r\n\r\n<\/span><\/p>\r\n<p style=\"font-size: 15px;\"><span style=\"font-family: verdana, geneva, sans-serif;\">A XXIV. Simonyi Zsigmond helyes\u00edr\u00e1si verseny mindannyiunk sz\u00e1m\u00e1ra k\u00fcl\u00f6nleges online helyzet\u00e9t k\u00f6vet\u0151en is fontos sz\u00e1munkra mindazok v\u00e9lem\u00e9nye, akik k\u00f6zvetlen\u00fcl k\u00eds\u00e9rt\u00e9k a t\u00f6rt\u00e9n\u00e9seket. Megk\u00f6sz\u00f6nj\u00fck, ha megosztja gondolatait a rendezv\u00e9nyhez kapcsol\u00f3d\u00f3an annak \u00e9rdek\u00e9ben, hogy a 2022. \u00e9vi, imm\u00e1r XXV. Simonyi-verseny szervez\u00e9s\u00e9nek l\u00e9p\u00e9seiben mindazokat is be\u00e9p\u00edthess\u00fck.<\/span><\/p>\r\n<p><span style=\"font-family: verdana, geneva, sans-serif;\">\r\n\r\n<\/span><\/p>\r\n<p class=\"has-text-align-center\"><span style=\"font-family: verdana, geneva, sans-serif;\">&#8211; &#8211; &#8211; &#8211; o &#8211; &#8211; &#8211; &#8211;<\/span><\/p>\r\n<p><span style=\"font-family: verdana, geneva, sans-serif;\">\r\n\r\n<\/span><\/p>\r\n<p>&nbsp;<\/p>\r\n<p><span style=\"font-family: verdana, geneva, sans-serif;\">\r\n\r\n<\/span><\/p>\r\n<p class=\"has-text-align-center has-medium-font-size\"><span style=\"font-family: verdana, geneva, sans-serif;\"><strong>XXIV. Simonyi Zsigmond K\u00e1rp\u00e1t-medencei <\/strong><\/span><br \/><span style=\"font-family: verdana, geneva, sans-serif;\"><strong>helyes\u00edr\u00e1si verseny <\/strong><\/span><br \/><span style=\"font-family: verdana, geneva, sans-serif;\"><strong>D\u00f6nt\u0151<\/strong><\/span><br \/><span style=\"font-family: verdana, geneva, sans-serif;\">Id\u0151pont: 2021. m\u00e1jus 21. (p\u00e9ntek)<\/span><\/p>\r\n<p><span style=\"font-family: verdana, geneva, sans-serif;\">\r\n\r\n<\/span><\/p>\r\n<p class=\"has-text-align-left\" style=\"font-size: 19px;\"><br \/><span style=\"font-family: verdana, geneva, sans-serif;\"><strong>A d\u00f6nt\u0151 eredm\u00e9nyei<\/strong><\/span><\/p>\r\n<p><span style=\"font-family: verdana, geneva, sans-serif;\">\r\n\r\n<\/span><\/p>\r\n<p class=\"has-normal-font-size\"><span style=\"font-family: verdana, geneva, sans-serif;\">5. \u00e9vfolyam \u00e1tlaga: 84,4%, 1\u201310. helyezett \u00e1tlaga: 95,8%, legmagasabb pontsz\u00e1m: 98,0 pont<\/span><br \/><span style=\"font-family: verdana, geneva, sans-serif;\">6. \u00e9vfolyam \u00e1tlaga: 83,2%, 1\u201310. helyezett \u00e1tlaga: 93,4%, legmagasabb pontsz\u00e1m: 97,4 pont<\/span><br \/><span style=\"font-family: verdana, geneva, sans-serif;\">7. \u00e9vfolyam \u00e1tlaga: 84,0%, 1\u201310. helyezett \u00e1tlaga: 94,1%, legmagasabb pontsz\u00e1m: 98,5 pont<\/span><br \/><span style=\"font-family: verdana, geneva, sans-serif;\">8. \u00e9vfolyam \u00e1tlaga: 78,4%, 1\u201310. helyezett \u00e1tlaga: 87,1%, legmagasabb pontsz\u00e1m: 92,4 pont<\/span><br \/><br \/><span style=\"font-family: verdana, geneva, sans-serif;\">A 3. fordul\u00f3ban, azaz a d\u00f6nt\u0151ben el\u00e9rt eredm\u00e9ny\u00e9r\u0151l minden versenyz\u0151 int\u00e9zm\u00e9nye, illetve kapcsolattart\u00f3 tan\u00e1ra \u00edm\u00e9lben kapott t\u00e1j\u00e9koztat\u00e1st. Az 1\u201310. helyez\u00e9st el\u00e9rt versenyz\u0151k b\u0151vebb adatai az <strong>Eredm\u00e9nyek <\/strong>men\u00fcpontban tal\u00e1lhat\u00f3k.<\/span><\/p>\r\n<p><span style=\"font-family: verdana, geneva, sans-serif;\">\r\n\r\n<\/span><\/p>\r\n<p>&nbsp;<\/p>\r\n<p><span style=\"font-family: verdana, geneva, sans-serif;\">\r\n\r\n<\/span><\/p>\r\n<p class=\"has-medium-font-size\"><span style=\"font-family: verdana, geneva, sans-serif;\"><strong>A 2020\/21-es tan\u00e9v kit\u00fcntetettjei<\/strong><\/span><\/p>\r\n<p><span style=\"font-family: verdana, geneva, sans-serif;\">\r\n\r\n<\/span><\/p>\r\n<p><span style=\"font-family: verdana, geneva, sans-serif;\"><strong>Simonyi Zsigmond-\u00e9rem<\/strong> kit\u00fcntet\u00e9sben r\u00e9szes\u00fclnek kiv\u00e1l\u00f3 munk\u00e1juk\u00e9rt:<\/span><\/p>\r\n<p><span style=\"font-family: verdana, geneva, sans-serif;\">\r\n\r\n<\/span><\/p>\r\n<p><span style=\"font-family: verdana, geneva, sans-serif;\"><strong>Korm\u00e1nyos Katona Gy\u00f6ngyi<\/strong> (<a href=\"https:\/\/simonyi.kre.hu\/wp-content\/uploads\/2023\/07\/Kormanyos_Katona_Gyongyi.pdf\" target=\"_blank\" rel=\"noreferrer noopener\">laud\u00e1ci\u00f3<\/a>)<\/span><\/p>\r\n<p><span style=\"font-family: verdana, geneva, sans-serif;\">\r\n\r\n<\/span><\/p>\r\n<p><span style=\"font-family: verdana, geneva, sans-serif;\"><strong>\u00d6rd\u00f6g-Gy\u00e1rf\u00e1s Lajos<\/strong> (<a href=\"https:\/\/simonyi.kre.hu\/wp-content\/uploads\/2023\/07\/Ordog-Gyarfas_Lajos.pdf\" target=\"_blank\" rel=\"noreferrer noopener\">laud\u00e1ci\u00f3<\/a>)<\/span><\/p>\r\n<p><span style=\"font-family: verdana, geneva, sans-serif;\">\r\n\r\n<\/span><\/p>\r\n<p><span style=\"font-family: verdana, geneva, sans-serif;\"><strong>T\u00f3th L\u00e1szl\u00f3<\/strong> (<a href=\"https:\/\/simonyi.kre.hu\/wp-content\/uploads\/2023\/07\/Toth_Laszlo.pdf\" target=\"_blank\" rel=\"noreferrer noopener\">laud\u00e1ci\u00f3<\/a>)<\/span><\/p>\r\n<p><span style=\"font-family: verdana, geneva, sans-serif;\">\r\n\r\n<\/span><\/p>\r\n<p><span style=\"font-family: verdana, geneva, sans-serif;\"><strong>Egyh\u00e1zi God\u00f3<\/strong> (<a href=\"https:\/\/simonyi.kre.hu\/wp-content\/uploads\/2023\/07\/Egyhazi_Godo.pdf\" target=\"_blank\" rel=\"noreferrer noopener\">laud\u00e1ci\u00f3<\/a>) <\/span><\/p>\r\n<p><span style=\"font-family: verdana, geneva, sans-serif;\">\r\n\r\n<div class=\"wp-block-image is-resized\"><\/span><\/p>\r\n<figure class=\"aligncenter size-medium\"><span style=\"font-family: verdana, geneva, sans-serif;\"><img loading=\"lazy\" decoding=\"async\" width=\"300\" height=\"287\" class=\"wp-image-974\" src=\"https:\/\/simonyi.kre.hu\/wp-content\/uploads\/2021\/07\/Simonyi_ermesek_2021-1-300x287.jpg\" alt=\"\" srcset=\"https:\/\/simonyi.kre.hu\/wp-content\/uploads\/2021\/07\/Simonyi_ermesek_2021-1-300x287.jpg 300w, https:\/\/simonyi.kre.hu\/wp-content\/uploads\/2021\/07\/Simonyi_ermesek_2021-1.jpg 693w\" sizes=\"auto, (max-width: 300px) 100vw, 300px\" \/><\/span><\/figure>\r\n<p><span style=\"font-family: verdana, geneva, sans-serif;\"><\/div>\r\n\r\n<\/span><\/p>\r\n<p><span style=\"font-family: verdana, geneva, sans-serif;\"><strong>Simonyi Zsigmond-serleg <\/strong>kit\u00fcntet\u00e9sben azok az iskol\u00e1k r\u00e9szes\u00fclnek, ahonnan a legt\u00f6bb versenyz\u0151 jutott a d\u00f6nt\u0151be:<\/span><br \/><span style=\"font-family: verdana, geneva, sans-serif;\">&#8211; Kempelen Farkas Gimn\u00e1zium, Budapest<\/span><br \/><span style=\"font-family: verdana, geneva, sans-serif;\">&#8211; Magyar Tannyelv\u0171 Alapiskola \u00e9s Gimn\u00e1zium, Pozsony<\/span><br \/><span style=\"font-family: verdana, geneva, sans-serif;\">&#8211; Ny\u00edregyh\u00e1zi Ap\u00e1czai Csere J\u00e1nos \u00c1ltal\u00e1nos Iskola \u00e9s AMI<\/span><br \/><span style=\"font-family: verdana, geneva, sans-serif;\">&#8211; Salg\u00f3tarj\u00e1ni \u00c1ltal\u00e1nos Iskola \u00e9s Koll\u00e9gium<\/span><br \/><span style=\"font-family: verdana, geneva, sans-serif;\">&#8211; Szolnoki Kod\u00e1ly Zolt\u00e1n \u00c9nek-zenei \u00c1ltal\u00e1nos Iskola \u00e9s N\u00e9pt\u00e1nc AMI<\/span><\/p>\r\n<p><span style=\"font-family: verdana, geneva, sans-serif;\">\r\n\r\n<div class=\"wp-block-image is-resized\"><\/span><\/p>\r\n<figure class=\"aligncenter size-large\"><span style=\"font-family: verdana, geneva, sans-serif;\"><img loading=\"lazy\" decoding=\"async\" width=\"788\" height=\"590\" class=\"wp-image-979\" src=\"https:\/\/simonyi.kre.hu\/wp-content\/uploads\/2021\/07\/serleges_iskolak_2021-1.jpg\" alt=\"\" srcset=\"https:\/\/simonyi.kre.hu\/wp-content\/uploads\/2021\/07\/serleges_iskolak_2021-1.jpg 788w, https:\/\/simonyi.kre.hu\/wp-content\/uploads\/2021\/07\/serleges_iskolak_2021-1-300x225.jpg 300w, https:\/\/simonyi.kre.hu\/wp-content\/uploads\/2021\/07\/serleges_iskolak_2021-1-768x575.jpg 768w\" sizes=\"auto, (max-width: 767px) 89vw, (max-width: 1000px) 54vw, (max-width: 1071px) 543px, 580px\" \/><\/span><\/figure>\r\n<p><span style=\"font-family: verdana, geneva, sans-serif;\"><\/div>\r\n\r\n<\/span><\/p>\r\n<p class=\"has-text-align-left\"><span style=\"font-family: verdana, geneva, sans-serif;\"><strong>Arany Oklev\u00e9l<\/strong> elismer\u00e9sben azok a magyar szakos tan\u00e1rok r\u00e9szes\u00fclnek, akiknek legal\u00e1bb 4 versenyz\u0151j\u00fck szerepelt m\u00e1r a d\u00f6nt\u0151ben:<\/span><br \/><span style=\"font-family: verdana, geneva, sans-serif;\">&#8211; Benk\u0151 Margit (Zam\u00e1rdi Fekete Istv\u00e1n \u00c1ltal\u00e1nos Iskola \u00e9s AMI)<\/span><br \/><span style=\"font-family: verdana, geneva, sans-serif;\">&#8211; Bog\u00e1cs N\u00f3ra (J\u00f3zsef Attila \u00c1ltal\u00e1nos Iskola, Cs\u00edkszereda)<\/span><br \/><span style=\"font-family: verdana, geneva, sans-serif;\">&#8211; Boros Em\u0151ke (Zelk Zolt\u00e1n \u00c1ltal\u00e1nos Iskola, \u00c9rmih\u00e1lyfalva)<\/span><br \/><span style=\"font-family: verdana, geneva, sans-serif;\">&#8211; Holl\u00f3 Katalin Rita (Bonyh\u00e1di \u00c1ltal\u00e1nos Iskola, Gimn\u00e1zium \u00e9s M\u0171v\u00e9szetoktat\u00e1si Int\u00e9zm\u00e9ny)<\/span><br \/><span style=\"font-family: verdana, geneva, sans-serif;\">&#8211; J\u00f3zsa Zsuzsanna (Samu Mih\u00e1ly \u00c1ltal\u00e1nos Iskola, \u00d3becse)<\/span><br \/><span style=\"font-family: verdana, geneva, sans-serif;\">&#8211; Kocsis Marianna (Beregsz\u00e1szi Bethlen G\u00e1bor Magyar Gimn\u00e1zium)<\/span><br \/><span style=\"font-family: verdana, geneva, sans-serif;\">&#8211; Kov\u00e1cs Gabriella (Egri Hunyadi M\u00e1ty\u00e1s \u00c1ltal\u00e1nos Iskola, Eger)<\/span><br \/><span style=\"font-family: verdana, geneva, sans-serif;\">&#8211; Moln\u00e1r Annam\u00e1ria (Nagy Istv\u00e1n M\u0171v\u00e9szeti K\u00f6z\u00e9piskola, Cs\u00edkszereda)<\/span><br \/><span style=\"font-family: verdana, geneva, sans-serif;\">&#8211; Nagyn\u00e9 Egyh\u00e1zi Edina (Tarczy Lajos \u00c1ltal\u00e1nos Iskola, P\u00e1pa)<\/span><br \/><span style=\"font-family: verdana, geneva, sans-serif;\">&#8211; Rice Gizella (Jovan Jovanovi\u0107 Zmaj \u00c1ltal\u00e1nos Iskola, Magyarkanizsa)<\/span><br \/><span style=\"font-family: verdana, geneva, sans-serif;\">&#8211; Rus Annam\u00e1ria (R\u00e1k\u00f3czi Ferenc \u00c1ltal\u00e1nos Iskola, Szatm\u00e1rn\u00e9meti)<\/span><\/p>\r\n<p><span style=\"font-family: verdana, geneva, sans-serif;\">\r\n\r\n<\/span><\/p>\r\n<p><span style=\"font-family: verdana, geneva, sans-serif;\"><strong>Gratul\u00e1lunk minden kit\u00fcntetettnek!<\/strong><\/span><\/p>\r\n<p><span style=\"font-family: verdana, geneva, sans-serif;\">\r\n\r\n<\/span><\/p>\r\n<p><span style=\"font-family: verdana, geneva, sans-serif;\">A d\u00edj\u00e1tad\u00f3 megtekinthet\u0151 a d\u00f6nt\u0151 \u00fcnnep\u00e9lyes megnyit\u00f3j\u00e1nak r\u00e9szek\u00e9nt.<\/span><\/p>\r\n<p><span style=\"font-family: verdana, geneva, sans-serif;\">\r\n\r\n<\/span><\/p>\r\n<p>&nbsp;<\/p>\r\n<p><span style=\"font-family: verdana, geneva, sans-serif;\">\r\n\r\n<\/span><\/p>\r\n<p class=\"has-medium-font-size\"><span style=\"font-family: verdana, geneva, sans-serif;\"><strong>A d\u00f6nt\u0151 programja<\/strong><\/span><\/p>\r\n<p><span style=\"font-family: verdana, geneva, sans-serif;\">\r\n\r\n<\/span><\/p>\r\n<p><span style=\"font-family: verdana, geneva, sans-serif;\"><strong>13:30\u201314:00 Megnyit\u00f3<\/strong><\/span><br \/><span style=\"font-family: verdana, geneva, sans-serif;\">A megnyit\u00f3t \u00e9l\u0151 ad\u00e1sban k\u00f6zvet\u00edtj\u00fck az al\u00e1bbi linken:<\/span><br \/><span style=\"font-family: verdana, geneva, sans-serif;\"><a href=\"https:\/\/www.youtube.com\/watch?v=bU7pArWr1SA\" target=\"_blank\" rel=\"noreferrer noopener\">https:\/\/www.youtube.com\/watch?v=bU7pArWr1SA<\/a><\/span><\/p>\r\n<p><span style=\"font-family: verdana, geneva, sans-serif;\">\r\n\r\n<\/span><\/p>\r\n<p><span style=\"font-family: verdana, geneva, sans-serif;\">A megnyit\u00f3 ut\u00e1n k\u00fcl\u00f6n programokat k\u00edn\u00e1lunk a versenyz\u0151knek \u00e9s a pedag\u00f3gusoknak, megh\u00edvott vend\u00e9geknek.<\/span><\/p>\r\n<p><span style=\"font-family: verdana, geneva, sans-serif;\">\r\n\r\n<\/span><\/p>\r\n<p class=\"has-normal-font-size\"><span style=\"font-family: verdana, geneva, sans-serif;\"><strong>Programok pedag\u00f3gusok, vend\u00e9gek r\u00e9sz\u00e9re<\/strong><\/span><br \/><br \/><span style=\"font-family: verdana, geneva, sans-serif;\"><strong>14:15\u2013 15:10 Verseny m\u00e1sk\u00e9nt \u2013 Simonyi a weben<\/strong> (Z\u00e1rt k\u00f6r\u0171 online rendezv\u00e9ny)<\/span><br \/><span style=\"font-family: verdana, geneva, sans-serif;\"><strong>&#8211; <\/strong>T\u00f3th Etelka: Start az orig\u00f3r\u00f3l<\/span><br \/><span style=\"font-family: verdana, geneva, sans-serif;\"><strong>&#8211; <\/strong>Kozm\u00e1cs Istv\u00e1n: A helyes\u00edr\u00e1s-elsaj\u00e1t\u00edt\u00e1s \u00e9s a sz\u00f6veg\u00e9rt\u00e9s probl\u00e9m\u00e1i<\/span><br \/><span style=\"font-family: verdana, geneva, sans-serif;\"><strong>&#8211; <\/strong>Erd\u00e9lyi Erzs\u00e9bet: A Simonyi helyes\u00edr\u00e1si verseny \u2013 mint a kompetencia- \u00e9s szem\u00e9lyis\u00e9gfejleszt\u00e9s sokoldal\u00fa lehet\u0151s\u00e9ge<\/span><br \/><span style=\"font-family: verdana, geneva, sans-serif;\"><strong>&#8211; <\/strong>Kov\u00e1cs Tibor: A 7. \u00e9vfolyamos helyes\u00edr\u00e1si feladatsor p\u00e9ldaanyag\u00e1nak kiv\u00e1laszt\u00e1si szempontjai<\/span><br \/><span style=\"font-family: verdana, geneva, sans-serif;\"><strong>&#8211; <\/strong>Galuska L\u00e1szl\u00f3: Helyes\u00edr\u00e1s vagy helyes s\u00edr\u00e1s? \u2013 Tud\u00e1s, m\u0171velts\u00e9g \u00e9s lelem\u00e9nyess\u00e9g \u00f6sszef\u00fcgg\u00e9sei a 2021-es Simonyi-versenyen (a 8. oszt\u00e1lyos feladatsor kapcs\u00e1n)<\/span><\/p>\r\n<p><span style=\"font-family: verdana, geneva, sans-serif;\">\r\n\r\n<\/span><\/p>\r\n<p><span style=\"font-family: verdana, geneva, sans-serif;\"><strong>15:10-15:45: Fazekasn\u00e9 Fenyvesi Margit: Olvas\u00e1s \u00e9s helyes\u00edr\u00e1s tan\u00edt\u00e1sa m\u00e1sk\u00e9ppen <\/strong><\/span><br \/><span style=\"font-family: verdana, geneva, sans-serif;\">(Z\u00e1rt k\u00f6r\u0171 online rendezv\u00e9ny)<\/span><\/p>\r\n<p><span style=\"font-family: verdana, geneva, sans-serif;\">\r\n\r\n<\/span><\/p>\r\n<div class=\"wp-block-group\"><div class=\"wp-block-group__inner-container is-layout-flow wp-block-group-is-layout-flow\"><span style=\"font-family: verdana, geneva, sans-serif;\"><\/span>\r\n<p><span style=\"font-family: verdana, geneva, sans-serif;\"><strong>Programok tanul\u00f3k r\u00e9sz\u00e9re<\/strong><\/span><br \/><br \/><span style=\"font-family: verdana, geneva, sans-serif;\"><strong>14:15\u201315:15 A versenyfeladatsor meg\u00edr\u00e1sa<\/strong> (Z\u00e1rt k\u00f6r\u0171 online rendezv\u00e9ny)<\/span><br \/><span style=\"font-family: verdana, geneva, sans-serif;\"><strong>A versenyfel\u00fclet el\u00e9rhet\u0151s\u00e9ge: <\/strong>https:\/\/simonyi6.kre.hu<\/span><\/p>\r\n<span style=\"font-family: verdana, geneva, sans-serif;\">\r\n\r\n<\/span>\r\n<p><span style=\"font-family: verdana, geneva, sans-serif;\"><strong>15:15\u201316:00 Gyere vel\u00fcnk, j\u00e1tsszunk egy\u00fctt!<\/strong><\/span><br \/><span style=\"font-family: verdana, geneva, sans-serif;\">(J\u00e1t\u00e9kos ismerked\u00e9s \u00e9vfolyamonk\u00e9nt a versenyz\u0151knek, a bel\u00e9p\u00e9si linkeket \u00e9vfolyamonk\u00e9nt k\u00fcl\u00f6n k\u00f6z\u00f6lj\u00fck.)<\/span><\/p>\r\n<span style=\"font-family: verdana, geneva, sans-serif;\">\r\n\r\n<\/span>\r\n<div class=\"wp-block-group\"><div class=\"wp-block-group__inner-container is-layout-flow wp-block-group-is-layout-flow\"><span style=\"font-family: verdana, geneva, sans-serif;\"><\/span>\r\n<p><span style=\"font-family: verdana, geneva, sans-serif;\"><strong>5. \u00e9vfolyam: Kommunik\u00e1lj! <\/strong>(Z\u00e1rt k\u00f6r\u0171 online rendezv\u00e9ny)<\/span><br \/><span style=\"font-family: verdana, geneva, sans-serif;\"><strong>6. \u00e9vfolyam: Magunkr\u00f3l, m\u00e1sokr\u00f3l \u00e9s a filmekr\u0151l<\/strong> <\/span><br \/><span style=\"font-family: verdana, geneva, sans-serif;\">(Z\u00e1rt k\u00f6r\u0171 online rendezv\u00e9ny)<\/span><br \/><span style=\"font-family: verdana, geneva, sans-serif;\"><strong>7. \u00e9vfolyam: Hat\u00e1rtalanul<\/strong> (Z\u00e1rt k\u00f6r\u0171 online rendezv\u00e9ny)<\/span><br \/><span style=\"font-family: verdana, geneva, sans-serif;\"><strong>8. \u00e9vfolyam: V\u00e9gz\u0151s mulats\u00e1g<\/strong> (Z\u00e1rt k\u00f6r\u0171 online rendezv\u00e9ny)<\/span><\/p>\r\n<span style=\"font-family: verdana, geneva, sans-serif;\"><\/span><\/div><\/div>\r\n<span style=\"font-family: verdana, geneva, sans-serif;\"><\/span><\/div><\/div>\r\n<p><span style=\"font-family: verdana, geneva, sans-serif;\">\r\n\r\n<\/span><\/p>\r\n<p><span style=\"font-family: verdana, geneva, sans-serif;\"><strong>16:15\u201316:45 Eredm\u00e9nyhirdet\u00e9s \u00e9vfolyamonk\u00e9nt<\/strong> (Z\u00e1rt k\u00f6r\u0171 online rendezv\u00e9ny)<\/span><\/p>\r\n<p><span style=\"font-family: verdana, geneva, sans-serif;\">\r\n\r\n<\/span><\/p>\r\n<p><span style=\"font-family: verdana, geneva, sans-serif;\"><strong>16:45\u201317:30 A feladatsorok megtekint\u00e9se \u00e9s a felvet\u0151d\u0151 k\u00e9rd\u00e9sek megbesz\u00e9l\u00e9se<\/strong> <\/span><br \/><span style=\"font-family: verdana, geneva, sans-serif;\">(Z\u00e1rt k\u00f6r\u0171 online rendezv\u00e9ny)<\/span><\/p>\r\n<p><span style=\"font-family: verdana, geneva, sans-serif;\">\r\n\r\n<\/span><\/p>\r\n<p>&nbsp;<\/p>\r\n<p><span style=\"font-family: verdana, geneva, sans-serif;\">\r\n\r\n<\/span><\/p>\r\n<p class=\"has-medium-font-size\"><span style=\"font-family: verdana, geneva, sans-serif;\"><strong>A 2. fordul\u00f3 eredm\u00e9nyei<\/strong><\/span><\/p>\r\n<p><span style=\"font-family: verdana, geneva, sans-serif;\">\r\n\r\n<\/span><\/p>\r\n<p><span style=\"font-family: verdana, geneva, sans-serif;\">5. \u00e9vfolyam \u00e1tlaga: 85,4%, tov\u00e1bbjut\u00f3k \u00e1tlaga: 97,1%, legmagasabb pontsz\u00e1m: 100 pont<\/span><br \/><span style=\"font-family: verdana, geneva, sans-serif;\">6. \u00e9vfolyam \u00e1tlaga: 79,6%, tov\u00e1bbjut\u00f3k \u00e1tlaga: 93,2%, legmagasabb pontsz\u00e1m: 100 pont<\/span><br \/><span style=\"font-family: verdana, geneva, sans-serif;\">7. \u00e9vfolyam \u00e1tlaga: 75,7%, tov\u00e1bbjut\u00f3k \u00e1tlaga: 92,7%, legmagasabb pontsz\u00e1m: 100 pont<\/span><br \/><span style=\"font-family: verdana, geneva, sans-serif;\">8. \u00e9vfolyam \u00e1tlaga: 65,4%, tov\u00e1bbjut\u00f3k \u00e1tlaga: 84,3%, legmagasabb pontsz\u00e1m: 100 pont<\/span><br \/><br \/><span style=\"font-family: verdana, geneva, sans-serif;\">A versenyszab\u00e1lyzatnak megfelel\u0151en a fenti eredm\u00e9nyek alapj\u00e1n <\/span><br \/><span style=\"font-family: verdana, geneva, sans-serif;\">170 f\u0151 folytathatja a versenyt a d\u00f6nt\u0151ben. A 2. fordul\u00f3ban el\u00e9rt eredm\u00e9ny\u00e9r\u0151l, valamint a tov\u00e1bbjut\u00e1sr\u00f3l minden versenyz\u0151 int\u00e9zm\u00e9nye, illetve kapcsolattart\u00f3 tan\u00e1ra \u00edm\u00e9lben kapott t\u00e1j\u00e9koztat\u00e1st.<\/span><\/p>\r\n<p><span style=\"font-family: verdana, geneva, sans-serif;\">\r\n\r\n<\/span><\/p>\r\n<p>&nbsp;<\/p>\r\n<p><span style=\"font-family: verdana, geneva, sans-serif;\">\r\n\r\n<\/span><\/p>\r\n<p class=\"has-medium-font-size\"><span style=\"font-family: verdana, geneva, sans-serif;\"><strong>A 2. fordul\u00f3t k\u00f6vet\u0151en<\/strong><\/span><\/p>\r\n<p><span style=\"font-family: verdana, geneva, sans-serif;\">\r\n\r\n<\/span><\/p>\r\n<p><span style=\"font-family: verdana, geneva, sans-serif;\"><strong>\u00c1prilis 29-\u00e9n (magyarorsz\u00e1gi id\u0151 szerint) 14:00 \u00f3rakor <\/strong>\u00fajabb versenyz\u00e9si lehet\u0151s\u00e9get biztos\u00edtunk mindazon versenyz\u0151k sz\u00e1m\u00e1ra, akik betegs\u00e9g \u00e9s egy\u00e9b okok miatt nem tudtak r\u00e9szt venni a <\/span><br \/><span style=\"font-family: verdana, geneva, sans-serif;\">2. fordul\u00f3ban.<\/span><br \/><span style=\"font-family: verdana, geneva, sans-serif;\">Helysz\u00edn: a j\u00e1rv\u00e1nyhelyzetnek megfelel\u0151en.<\/span><\/p>\r\n<p><span style=\"font-family: verdana, geneva, sans-serif;\">\r\n\r\n<\/span><\/p>\r\n<p><span style=\"font-family: verdana, geneva, sans-serif;\"><strong>A versenyfel\u00fclet el\u00e9rhet\u0151s\u00e9ge: <\/strong>https:\/\/simonyi5.kre.hu<\/span><br \/><span style=\"font-family: verdana, geneva, sans-serif;\">A versenyfel\u00fclet 13:45-kor ny\u00edlik meg. Bel\u00e9p\u00e9s az 1. fordul\u00f3ban megadott felhaszn\u00e1l\u00f3n\u00e9vvel \u00e9s jelsz\u00f3val.<\/span><\/p>\r\n<p><span style=\"font-family: verdana, geneva, sans-serif;\">\r\n\r\n<\/span><\/p>\r\n<p><span style=\"font-family: verdana, geneva, sans-serif;\"><strong>\u00c1prilis 30-\u00e1n (magyarorsz\u00e1gi id\u0151 szerint) 14:00 \u00e9s 15:00 \u00f3ra k\u00f6z\u00f6tt<\/strong> lesznek megtekinthet\u0151k mindenki sz\u00e1m\u00e1ra a 2. fordul\u00f3 feladatsorai. El\u00e9rhet\u0151s\u00e9g: a fentiek szerint.<\/span><\/p>\r\n<p><span style=\"font-family: verdana, geneva, sans-serif;\">\r\n\r\n<\/span><\/p>\r\n<p><span style=\"font-family: verdana, geneva, sans-serif;\">Technikai seg\u00edts\u00e9g v\u00e1ltozatlanul a +36-30-771-51-24 \u00e9s a <\/span><br \/><span style=\"font-family: verdana, geneva, sans-serif;\">+36-70-562-50-97 sz\u00e1mokon kaphat\u00f3.<\/span><br \/><span style=\"font-family: verdana, geneva, sans-serif;\">Egy\u00e9b probl\u00e9m\u00e1k eset\u00e9n el\u00e9rhet\u0151k vagyunk a +36-70-257-38-72 sz\u00e1mon, valamint a <a href=\"mailto:tfk.simonyi-verseny@kre.hu\" target=\"_blank\" rel=\"noreferrer noopener\">tfk.simonyi-verseny@kre.hu<\/a> c\u00edmen.<\/span><\/p>\r\n<p><span style=\"font-family: verdana, geneva, sans-serif;\">\r\n\r\n<\/span><\/p>\r\n<p>&nbsp;<\/p>\r\n<p><span style=\"font-family: verdana, geneva, sans-serif;\">\r\n\r\n<\/span><\/p>\r\n<p class=\"has-medium-font-size\"><span style=\"font-family: verdana, geneva, sans-serif;\"><strong>A 2. fordul\u00f3 k\u00fcsz\u00f6b\u00e9n<\/strong><\/span><\/p>\r\n<p><span style=\"font-family: verdana, geneva, sans-serif;\">\r\n\r\n<\/span><\/p>\r\n<p><span style=\"font-family: verdana, geneva, sans-serif;\">M\u00e1rcius 21-\u00e9n minden r\u00e9szt vev\u0151 int\u00e9zm\u00e9ny megkapta azt a t\u00e1j\u00e9koztat\u00f3 levelet, amely ism\u00e9t tartalmazta a versenyz\u0151k bel\u00e9p\u00e9si k\u00f3djait (felhaszn\u00e1l\u00f3n\u00e9v \u00e9s jelsz\u00f3). A bel\u00e9p\u00e9si k\u00f3dok az 1. fordul\u00f3hoz k\u00e9pest nem v\u00e1ltoztak.<\/span><\/p>\r\n<p><span style=\"font-family: verdana, geneva, sans-serif;\">\r\n\r\n<\/span><\/p>\r\n<p><span style=\"font-family: verdana, geneva, sans-serif;\"><strong>A versenyfel\u00fclet el\u00e9rhet\u0151s\u00e9ge:<\/strong> https:\/\/simonyi5.kre.hu<\/span><\/p>\r\n<p><span style=\"font-family: verdana, geneva, sans-serif;\">\r\n\r\n<\/span><\/p>\r\n<p><span style=\"font-family: verdana, geneva, sans-serif;\">A 2. fordul\u00f3 helysz\u00edne megegyezik a j\u00e1rv\u00e1nyhelyzetnek megfelel\u0151 oktat\u00e1si helysz\u00ednnel. Az aktu\u00e1lis helyzet f\u00fcggv\u00e9ny\u00e9ben a versenyz\u0151k otthonr\u00f3l is kit\u00f6lthetik a feladatsorokat.<\/span><\/p>\r\n<p><span style=\"font-family: verdana, geneva, sans-serif;\">\r\n\r\n<\/span><\/p>\r\n<p><span style=\"font-family: verdana, geneva, sans-serif;\">Verseny k\u00f6zben technikai seg\u00edts\u00e9g a +36-30-771-51-24 \u00e9s a <\/span><br \/><span style=\"font-family: verdana, geneva, sans-serif;\">+36-70-562-50-97 sz\u00e1mokon kaphat\u00f3.<\/span><br \/><span style=\"font-family: verdana, geneva, sans-serif;\">Egy\u00e9b probl\u00e9m\u00e1k eset\u00e9n el\u00e9rhet\u0151k vagyunk a +36-70-257-38-72 sz\u00e1mon, valamint a <a href=\"mailto:tfk.simonyi-verseny@kre.hu\" target=\"_blank\" rel=\"noreferrer noopener\">tfk.simonyi-verseny@kre.hu<\/a> c\u00edmen.<\/span><\/p>\r\n<p><span style=\"font-family: verdana, geneva, sans-serif;\">\r\n\r\n<\/span><\/p>\r\n<p>&nbsp;<\/p>\r\n<p><span style=\"font-family: verdana, geneva, sans-serif;\">\r\n\r\n<\/span><\/p>\r\n<p class=\"has-medium-font-size\"><span style=\"font-family: verdana, geneva, sans-serif;\"><strong>Id\u0151pontv\u00e1ltoz\u00e1s<\/strong><\/span><\/p>\r\n<p><span style=\"font-family: verdana, geneva, sans-serif;\">\r\n\r\n<\/span><\/p>\r\n<p><span style=\"font-family: verdana, geneva, sans-serif;\">Tiszteletben tartva az \u00e1prilis 26-ra meghirdetett Zr\u00ednyi Ilona Matematikaversenyt \u00e9s az \u00e1prilis 24-\u00e9n K\u00e1rp\u00e1talj\u00e1n zajl\u00f3 Kar\u00e1di L\u00e1szl\u00f3 helyes\u00edr\u00e1si \u00e9s nyelvhaszn\u00e1lati versenyt, ism\u00e9t m\u00f3dos\u00edtjuk a 2. fordul\u00f3 id\u0151pontj\u00e1t.<\/span><\/p>\r\n<p><span style=\"font-family: verdana, geneva, sans-serif;\">\r\n\r\n<\/span><\/p>\r\n<p><span style=\"font-family: verdana, geneva, sans-serif;\"><strong>A 2. fordul\u00f3 v\u00e9gleges id\u0151pontja<\/strong><\/span><\/p>\r\n<p><span style=\"font-family: verdana, geneva, sans-serif;\">\r\n\r\n<\/span><\/p>\r\n<p><span style=\"font-family: verdana, geneva, sans-serif;\">az erd\u00e9lyi \u00e9s a vajdas\u00e1gi versenyz\u0151k sz\u00e1m\u00e1ra:<\/span><br \/><span style=\"font-family: verdana, geneva, sans-serif;\"><strong>2021. \u00e1prilis 24. (magyarorsz\u00e1gi id\u0151 szerint) 10:00 \u00f3ra<\/strong><\/span><\/p>\r\n<p><span style=\"font-family: verdana, geneva, sans-serif;\">\r\n\r\n<\/span><\/p>\r\n<p><span style=\"font-family: verdana, geneva, sans-serif;\">a magyarorsz\u00e1gi, a felvid\u00e9ki \u00e9s a k\u00e1rp\u00e1taljai versenyz\u0151k sz\u00e1m\u00e1ra:<\/span><br \/><span style=\"font-family: verdana, geneva, sans-serif;\">\u2013 5\u20136. \u00e9vfolyam: <strong>2021. \u00e1prilis 27. 14:00 \u00f3ra (magyarorsz\u00e1gi <\/strong><\/span><br \/><span style=\"font-family: verdana, geneva, sans-serif;\"><strong>id\u0151 szerint)<\/strong><\/span><br \/><span style=\"font-family: verdana, geneva, sans-serif;\">\u2013 7\u20138. \u00e9vfolyam: <strong>2021. \u00e1prilis 27. 15:00 \u00f3ra (magyarorsz\u00e1gi <\/strong><\/span><br \/><span style=\"font-family: verdana, geneva, sans-serif;\"><strong>id\u0151 szerint)<\/strong><\/span><\/p>\r\n<p><span style=\"font-family: verdana, geneva, sans-serif;\">\r\n\r\n<\/span><\/p>\r\n<p><span style=\"font-family: verdana, geneva, sans-serif;\">A 2. fordul\u00f3 <strong>helysz\u00edne <\/strong>tov\u00e1bbra is a j\u00e1rv\u00e1nyhelyzet f\u00fcggv\u00e9ny\u00e9ben lesz meghat\u00e1rozva.<\/span><\/p>\r\n<p><span style=\"font-family: verdana, geneva, sans-serif;\">\r\n\r\n<\/span><\/p>\r\n<p>&nbsp;<\/p>\r\n<p><span style=\"font-family: verdana, geneva, sans-serif;\">\r\n\r\n<\/span><\/p>\r\n<p class=\"has-medium-font-size\"><span style=\"font-family: verdana, geneva, sans-serif;\"><strong>\u00daj id\u0151pont<\/strong><\/span><\/p>\r\n<p><span style=\"font-family: verdana, geneva, sans-serif;\">\r\n\r\n<\/span><\/p>\r\n<p><span style=\"font-family: verdana, geneva, sans-serif;\">A jelenlegi tantermen k\u00edv\u00fcl foly\u00f3 oktat\u00e1sra val\u00f3 tekintettel \u00e9s a v\u00e1rt \u00fajranyit\u00e1s rem\u00e9ny\u00e9ben a Simonyi-verseny 2. fordul\u00f3j\u00e1t tov\u00e1bb halasztjuk.<\/span><\/p>\r\n<p><span style=\"font-family: verdana, geneva, sans-serif;\">\r\n\r\n<\/span><\/p>\r\n<p><span style=\"font-family: verdana, geneva, sans-serif;\"><strong>A 2. fordul\u00f3 \u00faj id\u0151pontja<\/strong><\/span><\/p>\r\n<p><span style=\"font-family: verdana, geneva, sans-serif;\">\r\n\r\n<\/span><\/p>\r\n<p><span style=\"font-family: verdana, geneva, sans-serif;\">az erd\u00e9lyi, k\u00e1rp\u00e1taljai \u00e9s vajdas\u00e1gi versenyz\u0151k sz\u00e1m\u00e1ra:<\/span><br \/><span style=\"font-family: verdana, geneva, sans-serif;\"><strong>2021. \u00e1prilis 24. (magyarorsz\u00e1gi id\u0151 szerint) 10:00 \u00f3ra<\/strong><\/span><\/p>\r\n<p><span style=\"font-family: verdana, geneva, sans-serif;\">\r\n\r\n<\/span><\/p>\r\n<p><span style=\"font-family: verdana, geneva, sans-serif;\">a magyarorsz\u00e1gi \u00e9s felvid\u00e9ki versenyz\u0151k sz\u00e1m\u00e1ra:<\/span><br \/><span style=\"font-family: verdana, geneva, sans-serif;\">\u2013 5\u20136. \u00e9vfolyam:<strong> 2021. \u00e1prilis 26. 14:00 \u00f3ra<br \/><\/strong> \u2013 7\u20138. \u00e9vfolyam:<strong> 2021. \u00e1prilis 26. 15:00 \u00f3ra<\/strong><\/span><\/p>\r\n<p><span style=\"font-family: verdana, geneva, sans-serif;\">\r\n\r\n<\/span><\/p>\r\n<p><span style=\"font-family: verdana, geneva, sans-serif;\">A 2. fordul\u00f3 <strong>helysz\u00edne <\/strong>a j\u00e1rv\u00e1nyhelyzet f\u00fcggv\u00e9ny\u00e9ben megadottak szerint lesz meghat\u00e1rozva.<\/span><\/p>\r\n<p><span style=\"font-family: verdana, geneva, sans-serif;\">\r\n\r\n<\/span><\/p>\r\n<p>&nbsp;<\/p>\r\n<p><span style=\"font-family: verdana, geneva, sans-serif;\">\r\n\r\n<\/span><\/p>\r\n<p class=\"has-medium-font-size\"><span style=\"font-family: verdana, geneva, sans-serif;\"><strong>El\u0151zetes a 2. fordul\u00f3r\u00f3l<\/strong><\/span><\/p>\r\n<p><span style=\"font-family: verdana, geneva, sans-serif;\">\r\n\r\n<\/span><\/p>\r\n<p><span style=\"font-family: verdana, geneva, sans-serif;\">A tantermen k\u00edv\u00fcl foly\u00f3 oktat\u00e1sra val\u00f3 tekintettel a <strong>2. fordul\u00f3<\/strong> id\u0151pontja <strong>Magyarorsz\u00e1gon \u00e9s Felvid\u00e9ken<\/strong> az eredetileg tervezett m\u00e1rciusi id\u0151pont helyett:<\/span><br \/><span style=\"font-family: verdana, geneva, sans-serif;\">\u2013 5\u20136. \u00e9vfolyam: <strong>2021. \u00e1prilis 15. 14:00 \u00f3ra<\/strong><\/span><br \/><span style=\"font-family: verdana, geneva, sans-serif;\">\u2013 7\u20138. \u00e9vfolyam: <strong>2021. \u00e1prilis 15. 15:00 \u00f3ra<\/strong><\/span><\/p>\r\n<p><span style=\"font-family: verdana, geneva, sans-serif;\">\r\n\r\n<\/span><\/p>\r\n<p><span style=\"font-family: verdana, geneva, sans-serif;\">A 2. fordul\u00f3 <strong>helysz\u00edne <\/strong>a j\u00e1rv\u00e1nyhelyzet miatt az eredetileg tervezett helysz\u00ednekt\u0151l elt\u00e9r\u0151en: <strong>a versenyz\u0151 saj\u00e1t iskol\u00e1ja.<\/strong><\/span><\/p>\r\n<p><span style=\"font-family: verdana, geneva, sans-serif;\">\r\n\r\n<\/span><\/p>\r\n<p><span style=\"font-family: verdana, geneva, sans-serif;\">A tantermen k\u00edv\u00fcl foly\u00f3 oktat\u00e1sra val\u00f3 tekintettel a <strong>2. fordul\u00f3<\/strong> id\u0151pontja <strong>Erd\u00e9lyben, K\u00e1rp\u00e1talj\u00e1n, Vajdas\u00e1gban<\/strong> az 5\u20136\u20137\u20138. \u00e9vfolyam sz\u00e1m\u00e1ra az eredetileg tervezett m\u00e1rciusi id\u0151pont helyett:<\/span><\/p>\r\n<p><span style=\"font-family: verdana, geneva, sans-serif;\">\r\n\r\n<\/span><\/p>\r\n<p><span style=\"font-family: verdana, geneva, sans-serif;\"><strong>2021. \u00e1prilis 17. (magyarorsz\u00e1gi id\u0151 szerint) 10:00 \u00f3ra<\/strong><\/span><\/p>\r\n<p><span style=\"font-family: verdana, geneva, sans-serif;\">\r\n\r\n<\/span><\/p>\r\n<p><span style=\"font-family: verdana, geneva, sans-serif;\">A 2. fordul\u00f3 <strong>helysz\u00edne <\/strong>a j\u00e1rv\u00e1nyhelyzet f\u00fcggv\u00e9ny\u00e9ben megadottak szerint lesz meghat\u00e1rozva.<\/span><\/p>\r\n<p><span style=\"font-family: verdana, geneva, sans-serif;\">\r\n\r\n<\/span><\/p>\r\n<p>&nbsp;<\/p>\r\n<p><span style=\"font-family: verdana, geneva, sans-serif;\">\r\n\r\n<\/span><\/p>\r\n<p class=\"has-medium-font-size\"><span style=\"font-family: verdana, geneva, sans-serif;\"><strong>Az 1. fordul\u00f3 eredm\u00e9nyei<\/strong><\/span><\/p>\r\n<p><span style=\"font-family: verdana, geneva, sans-serif;\">\r\n\r\n<\/span><\/p>\r\n<p><span style=\"font-family: verdana, geneva, sans-serif;\">Kedves Pedag\u00f3gus Koll\u00e9g\u00e1k!<\/span><br \/><span style=\"font-family: verdana, geneva, sans-serif;\">Kedves Sz\u00fcl\u0151k!<\/span><br \/><span style=\"font-family: verdana, geneva, sans-serif;\">Kedves Versenyz\u0151k!<\/span><\/p>\r\n<p><span style=\"font-family: verdana, geneva, sans-serif;\">\r\n\r\n<\/span><\/p>\r\n<p><span style=\"font-family: verdana, geneva, sans-serif;\">V\u00e9gleges\u00edtett\u00fck az 1. fordul\u00f3 eredm\u00e9nyeit. A 2. fordul\u00f3ra a legjobbak juthatnak tov\u00e1bb. A v\u00edrushelyzetb\u0151l \u00e9s a digit\u00e1lis verseny \u00fajdons\u00e1g\u00e1b\u00f3l k\u00f6vetkez\u0151en ez jelen esetben a legjobban teljes\u00edt\u0151 versenyz\u0151k 20%-\u00e1t jelenti. A versenyszab\u00e1lyzatnak megfelel\u0151en a magyarorsz\u00e1gi versenyz\u0151k eset\u00e9ben az eredm\u00e9nyeket megy\u00e9nk\u00e9nt \u00e9s f\u0151v\u00e1rosi bont\u00e1sban vett\u00fck figyelembe. \u00cdgy a t\u00f6bb mint tizenegyezer versenyz\u0151 k\u00f6z\u00fcl a hat\u00e1ron t\u00fali \u2013 erd\u00e9lyi, felvid\u00e9ki, k\u00e1rp\u00e1taljai \u00e9s vajdas\u00e1gi \u2013 di\u00e1kokkal egy\u00fctt mintegy kett\u0151ezer-n\u00e9gysz\u00e1zan folytathatj\u00e1k a versenyt. A tov\u00e1bbjut\u00f3kr\u00f3l 2021. m\u00e1rcius 15-\u00e9n minden int\u00e9zm\u00e9nyt t\u00e1j\u00e9koztattunk \u00edm\u00e9lben.<\/span><\/p>\r\n<p><span style=\"font-family: verdana, geneva, sans-serif;\">\r\n\r\n<\/span><\/p>\r\n<p><span style=\"font-family: verdana, geneva, sans-serif;\"><strong>\u00cdme n\u00e9h\u00e1ny adat az 1. fordul\u00f3r\u00f3l:<\/strong><\/span><\/p>\r\n<p><span style=\"font-family: verdana, geneva, sans-serif;\">\r\n\r\n<\/span><\/p>\r\n<p><span style=\"font-family: verdana, geneva, sans-serif;\">5. \u00e9vfolyam \u00e1tlaga: 64,6%, tov\u00e1bbjut\u00f3k \u00e1tlaga: 84,1%, legmagasabb pontsz\u00e1m: 100 pont<\/span><\/p>\r\n<p><span style=\"font-family: verdana, geneva, sans-serif;\">\r\n\r\n<\/span><\/p>\r\n<p><span style=\"font-family: verdana, geneva, sans-serif;\">6. \u00e9vfolyam \u00e1tlaga: 63,1%, tov\u00e1bbjut\u00f3k \u00e1tlaga: 81,6%, legmagasabb pontsz\u00e1m: 100 pont<\/span><\/p>\r\n<p><span style=\"font-family: verdana, geneva, sans-serif;\">\r\n\r\n<\/span><\/p>\r\n<p><span style=\"font-family: verdana, geneva, sans-serif;\">7. \u00e9vfolyam \u00e1tlaga: 68,8%, tov\u00e1bbjut\u00f3k \u00e1tlaga: 87,4%, legmagasabb pontsz\u00e1m: 99 pont<\/span><\/p>\r\n<p><span style=\"font-family: verdana, geneva, sans-serif;\">\r\n\r\n<\/span><\/p>\r\n<p><span style=\"font-family: verdana, geneva, sans-serif;\">8. \u00e9vfolyam \u00e1tlaga: 60,2%, tov\u00e1bbjut\u00f3k \u00e1tlaga: 77,6%, legmagasabb pontsz\u00e1m: 98 pont<\/span><\/p>\r\n<p><span style=\"font-family: verdana, geneva, sans-serif;\">\r\n\r\n<\/span><\/p>\r\n<p><span style=\"font-family: verdana, geneva, sans-serif;\">Amikor az eredm\u00e9nyeket \u00e9rt\u00e9kelik, gondoljanak ezekre a sz\u00e1mokra, \u00e9s tov\u00e1bbjut\u00e1st\u00f3l f\u00fcggetlen\u00fcl dics\u00e9rjenek meg minden a di\u00e1kot, aki r\u00e9szt vett a versenyen.<\/span><br \/><span style=\"font-family: verdana, geneva, sans-serif;\">Mi, versenyszervez\u0151k minden versenyz\u0151 teljes\u00edtm\u00e9ny\u00e9hez gratul\u00e1lunk! Pedag\u00f3gus koll\u00e9g\u00e1inknak k\u00f6sz\u00f6nj\u00fck az \u00e1ldozatos felk\u00e9sz\u00edt\u0151 \u00e9s szervez\u0151 munk\u00e1t, amellyel a verseny megval\u00f3s\u00edt\u00e1s\u00e1t seg\u00edtik.<\/span><\/p>\r\n<p><span style=\"font-family: verdana, geneva, sans-serif;\">\r\n\r\n<\/span><\/p>\r\n<p>&nbsp;<\/p>\r\n<p><span style=\"font-family: verdana, geneva, sans-serif;\">\r\n\r\n<\/span><\/p>\r\n<p class=\"has-medium-font-size\"><span style=\"font-family: verdana, geneva, sans-serif;\"><strong>V\u00e9get \u00e9rt az 1. fordul\u00f3<\/strong><\/span><\/p>\r\n<p><span style=\"font-family: verdana, geneva, sans-serif;\">\r\n\r\n<\/span><\/p>\r\n<p><span style=\"font-family: verdana, geneva, sans-serif;\">\u00d6r\u00f6mmel tudatjuk, hogy v\u00e9get \u00e9rt a K\u00e1rp\u00e1t-medencei Simonyi Zsigmond helyes\u00edr\u00e1si verseny 1. fordul\u00f3ja, amelyen 11\u00a0224 versenyz\u0151 adott le \u00e9rv\u00e9nyes feladatsort.<\/span><br \/><br \/><span style=\"font-family: verdana, geneva, sans-serif;\">Az eredm\u00e9nyeket minden kapcsolattart\u00f3 koll\u00e9ga \u00e9s nevez\u0151 int\u00e9zm\u00e9ny megkapta \u00edm\u00e9lben.<\/span><br \/><span style=\"font-family: verdana, geneva, sans-serif;\">A feladatlapok \u00e9s a versenyeredm\u00e9nyek <strong>megtekint\u00e9se \u2013 magyarorsz\u00e1gi id\u0151 szerint <\/strong>\u2013 az al\u00e1bbi id\u0151pontokban lehets\u00e9ges:<\/span><\/p>\r\n<p><span style=\"font-family: verdana, geneva, sans-serif;\">\r\n\r\n<\/span><\/p>\r\n<p><span style=\"font-family: verdana, geneva, sans-serif;\">5. \u00e9vfolyam \u2013 2021. m\u00e1rcius 3. (szerda) 14:00\u201314:45 \u00f3ra<\/span><br \/><span style=\"font-family: verdana, geneva, sans-serif;\">6. \u00e9vfolyam \u2013 2021. m\u00e1rcius 3. (szerda) 15:00\u201315:45 \u00f3ra<\/span><br \/><span style=\"font-family: verdana, geneva, sans-serif;\">7. \u00e9vfolyam \u2013 2021. m\u00e1rcius 4. (cs\u00fct\u00f6rt\u00f6k) 14:00\u201314:45 \u00f3ra<\/span><br \/><span style=\"font-family: verdana, geneva, sans-serif;\">8. \u00e9vfolyam \u2013 2021. m\u00e1rcius 4. (cs\u00fct\u00f6rt\u00f6k) 15:00\u201315:45 \u00f3ra<\/span><br \/><br \/><span style=\"font-family: verdana, geneva, sans-serif;\">A feladatokat sz\u00e1m\u00edt\u00f3g\u00e9pes rendszer jav\u00edtotta, n\u00e9ha tal\u00e1n szigor\u00faan, de egys\u00e9gesen. <\/span><br \/><span style=\"font-family: verdana, geneva, sans-serif;\">A jav\u00edt\u00e1ssal kapcsolatban \u00e9szrev\u00e9telek tehet\u0151k 2021. m\u00e1rcius 8-ig a <a href=\"mailto:tfk.simonyi-verseny@kre.hu\" target=\"_blank\" rel=\"noreferrer noopener\">tfk.simonyi-verseny@kre.hu<\/a> c\u00edmen.<\/span><br \/><span style=\"font-family: verdana, geneva, sans-serif;\">A tov\u00e1bbjut\u00f3k list\u00e1j\u00e1t m\u00e1rcius 8-a ut\u00e1n ismertetj\u00fck.<\/span><br \/><br \/><br \/><\/p>\r\n<p><span style=\"font-family: verdana, geneva, sans-serif;\">\r\n\r\n<\/span><\/p>\r\n<p class=\"has-medium-font-size\"><span style=\"font-family: verdana, geneva, sans-serif;\"><strong>Az 1. fordul\u00f3 id\u0151pontjai magyarorsz\u00e1gi id\u0151 szerint<\/strong><\/span><\/p>\r\n<p><span style=\"font-family: verdana, geneva, sans-serif;\">\r\n\r\n<\/span><\/p>\r\n<p><span style=\"font-family: verdana, geneva, sans-serif;\">5. \u00e9vfolyam \u2013 2021. febru\u00e1r 24. (szerda) 14:00 \u00f3ra<\/span><br \/><span style=\"font-family: verdana, geneva, sans-serif;\">6. \u00e9vfolyam \u2013 2021. febru\u00e1r 24. (szerda) 15:00 \u00f3ra<\/span><br \/><span style=\"font-family: verdana, geneva, sans-serif;\">7. \u00e9vfolyam \u2013 2021. febru\u00e1r 25. (cs\u00fct\u00f6rt\u00f6k) 14:00 \u00f3ra<\/span><br \/><span style=\"font-family: verdana, geneva, sans-serif;\">8. \u00e9vfolyam \u2013 2021. febru\u00e1r 25. (cs\u00fct\u00f6rt\u00f6k) 15:00 \u00f3ra<\/span><br \/><br \/><span style=\"font-family: verdana, geneva, sans-serif;\">Az 1. fordul\u00f3 ugyanolyan id\u0151beoszt\u00e1sban \u00e9s keretekben zajlik, mint a gyakorl\u00e1s.<\/span><\/p>\r\n<p><span style=\"font-family: verdana, geneva, sans-serif;\">\r\n\r\n<\/span><\/p>\r\n<p><span style=\"font-family: verdana, geneva, sans-serif;\">Erd\u00e9lyben: 2021. febru\u00e1r 27. (szombat) magyar id\u0151 szerint 9 \u00f3r\u00e1t\u00f3l.<\/span><\/p>\r\n<p><span style=\"font-family: verdana, geneva, sans-serif;\">\r\n\r\n<\/span><\/p>\r\n<p><span style=\"font-family: verdana, geneva, sans-serif;\"><strong>Az 1. fordul\u00f3 helysz\u00edne: <\/strong>a versenyz\u0151t jelentkeztet\u0151 int\u00e9zm\u00e9ny, illetve indokolt esetben (pl. t\u00e1voll\u00e9ti oktat\u00e1s, karant\u00e9n) az int\u00e9zm\u00e9ny d\u00f6nt\u00e9se szerinti helysz\u00edn (azaz a tanul\u00f3 otthonr\u00f3l is versenyezhet).<\/span><br \/><br \/><\/p>\r\n<p><span style=\"font-family: verdana, geneva, sans-serif;\">\r\n\r\n<\/span><\/p>\r\n<p>&nbsp;<\/p>\r\n<p><span style=\"font-family: verdana, geneva, sans-serif;\">\r\n\r\n<\/span><\/p>\r\n<p class=\"has-medium-font-size\"><span style=\"font-family: verdana, geneva, sans-serif;\"><strong>Tov\u00e1bbra is gyakorolunk\u2026<\/strong><\/span><\/p>\r\n<p><span style=\"font-family: verdana, geneva, sans-serif;\">\r\n\r\n<\/span><\/p>\r\n<p><span style=\"font-family: verdana, geneva, sans-serif;\">\u00dajabb pr\u00f3ba a 7. \u00e9s 8. \u00e9vfolyam sz\u00e1m\u00e1ra:<\/span><\/p>\r\n<p><span style=\"font-family: verdana, geneva, sans-serif;\">\r\n\r\n<\/span><\/p>\r\n<p><span style=\"font-family: verdana, geneva, sans-serif;\">\u2013 7. \u00e9vfolyam: febru\u00e1r 19. (p\u00e9ntek) magyar id\u0151 szerint 14:00 \u00f3r\u00e1t\u00f3l 15:00 \u00f3r\u00e1ig,<\/span><br \/><span style=\"font-family: verdana, geneva, sans-serif;\">\u2013 8. \u00e9vfolyam: febru\u00e1r 19. (p\u00e9ntek) magyar id\u0151 szerint 15:00 \u00f3r\u00e1t\u00f3l 16:00 \u00f3r\u00e1ig.<\/span><br \/><span style=\"font-family: verdana, geneva, sans-serif;\">A bejelentkez\u00e9s 13:45-t\u0151l lehets\u00e9ges.<\/span><\/p>\r\n<p><span style=\"font-family: verdana, geneva, sans-serif;\">\r\n\r\n<\/span><\/p>\r\n<p><span style=\"font-family: verdana, geneva, sans-serif;\">Erd\u00e9lyben a bel\u00e9p\u00e9si probl\u00e9m\u00e1k miatt valamennyi \u00e9vfolyam sz\u00e1m\u00e1ra:<\/span><\/p>\r\n<p><span style=\"font-family: verdana, geneva, sans-serif;\">\r\n\r\n<\/span><\/p>\r\n<p><span style=\"font-family: verdana, geneva, sans-serif;\">\u2013 5. \u00e9s 7. \u00e9vfolyam: febru\u00e1r 19. (p\u00e9ntek) magyar id\u0151 szerint 14:00 \u00f3r\u00e1t\u00f3l 15:00 \u00f3r\u00e1ig,<\/span><br \/><span style=\"font-family: verdana, geneva, sans-serif;\">\u2013 6. \u00e9s 8. \u00e9vfolyam: febru\u00e1r 19. (p\u00e9ntek) magyar id\u0151 szerint 15:00 \u00f3r\u00e1t\u00f3l 16:00 \u00f3r\u00e1ig.<\/span><br \/><span style=\"font-family: verdana, geneva, sans-serif;\">A bejelentkez\u00e9s 13:45-t\u0151l lehets\u00e9ges.<\/span><br \/><br \/><\/p>\r\n<p><span style=\"font-family: verdana, geneva, sans-serif;\">\r\n\r\n<\/span><\/p>\r\n<p>&nbsp;<\/p>\r\n<p><span style=\"font-family: verdana, geneva, sans-serif;\">\r\n\r\n<\/span><\/p>\r\n<p class=\"has-medium-font-size\"><span style=\"font-family: verdana, geneva, sans-serif;\"><strong>Gyakorolunk\u2026<\/strong><\/span><\/p>\r\n<p><span style=\"font-family: verdana, geneva, sans-serif;\">\r\n\r\n<\/span><\/p>\r\n<p><span style=\"font-family: verdana, geneva, sans-serif;\">A versenyfel\u00fclet el\u00e9rhet\u0151s\u00e9ge az al\u00e1bbi linkeken lehets\u00e9ges az \u00edm\u00e9lben k\u00fcld\u00f6tt \u00e9s \u00e9vfolyamonk\u00e9t megadott beoszt\u00e1snak megfelel\u0151en:<\/span><\/p>\r\n<p><span style=\"font-family: verdana, geneva, sans-serif;\">\r\n\r\n<\/span><\/p>\r\n<p><span style=\"font-family: verdana, geneva, sans-serif;\"><strong>https:\/\/simonyi1.kre.hu<\/strong><\/span><br \/><span style=\"font-family: verdana, geneva, sans-serif;\">vagy<\/span><br \/><span style=\"font-family: verdana, geneva, sans-serif;\"><strong>https:\/\/simonyi2.kre.hu<\/strong><\/span><br \/><span style=\"font-family: verdana, geneva, sans-serif;\">vagy<\/span><br \/><span style=\"font-family: verdana, geneva, sans-serif;\"><strong>https:\/\/simonyi3.kre.hu<\/strong><\/span><br \/><span style=\"font-family: verdana, geneva, sans-serif;\">vagy<\/span><br \/><span style=\"font-family: verdana, geneva, sans-serif;\"><strong>https:\/\/simonyi4.kre.hu<\/strong><\/span><\/p>\r\n<p><span style=\"font-family: verdana, geneva, sans-serif;\">\r\n\r\n<\/span><\/p>\r\n<p><span style=\"font-family: verdana, geneva, sans-serif;\">A fenti linkek nem cser\u00e9lhet\u0151k fel. K\u00e9rj\u00fck, hogy erre k\u00fcl\u00f6n\u00f6sen \u00fcgyeljenek, \u00e9s ne felejts\u00e9k el megadni az otthonr\u00f3l gyakorl\u00f3\/versenyz\u0151 di\u00e1koknak sem. Az el\u00e9r\u00e9si \u00fatvonal \u00e9vfolyamonk\u00e9nt csak akkor egyezik meg, ha minden \u00e9vfolyam ugyanazon a szerveren versenyez. Ha nem, akkor m\u00e1s \u00e9s m\u00e1s van megadva.<\/span><br \/><br \/><\/p>\r\n<p><span style=\"font-family: verdana, geneva, sans-serif;\">\r\n\r\n<\/span><\/p>\r\n<p class=\"has-medium-font-size\"><span style=\"font-family: verdana, geneva, sans-serif;\"><strong>A jelentkez\u00e9s lez\u00e1rult, k\u00e9sz\u00fcl\u00fcnk a gyakorl\u00e1sra<\/strong><\/span><\/p>\r\n<p><span style=\"font-family: verdana, geneva, sans-serif;\">\r\n\r\n<\/span><\/p>\r\n<p><span style=\"font-family: verdana, geneva, sans-serif;\"><strong>Tisztelt Koll\u00e9g\u00e1k!<br \/>Kedves Versenyz\u0151k!<\/strong><\/span><\/p>\r\n<p><span style=\"font-family: verdana, geneva, sans-serif;\">\r\n\r\n<\/span><\/p>\r\n<p><span style=\"font-family: verdana, geneva, sans-serif;\">A jelentkez\u00e9st lez\u00e1rtuk a XXIV. Simonyi Zsigmond K\u00e1rp\u00e1t-medencei helyes\u00edr\u00e1si versenyre.<\/span><\/p>\r\n<p><span style=\"font-family: verdana, geneva, sans-serif;\">\r\n\r\n<\/span><\/p>\r\n<p><span style=\"font-family: verdana, geneva, sans-serif;\">A versenyki\u00edr\u00e1snak megfelel\u0151en a digit\u00e1lis versenyfel\u00fcleten a k\u00f6vetkez\u0151 id\u0151pontokban biztos\u00edtunk lehet\u0151s\u00e9get gyakorl\u00e1sra:<\/span><\/p>\r\n<p><span style=\"font-family: verdana, geneva, sans-serif;\">\r\n\r\n<\/span><\/p>\r\n<p><span style=\"font-family: verdana, geneva, sans-serif;\">\u2013 2021. febru\u00e1r 15. (h\u00e9tf\u0151) 14:00\u201314:45 k\u00f6z\u00f6tt az 5. \u00e9vfolyam versenyz\u0151i sz\u00e1m\u00e1ra,<\/span><br \/><span style=\"font-family: verdana, geneva, sans-serif;\">\u2013 2021. febru\u00e1r 15. (h\u00e9tf\u0151) 15:00\u201315:45 k\u00f6z\u00f6tt a 6. \u00e9vfolyam versenyz\u0151i sz\u00e1m\u00e1ra,<\/span><br \/><span style=\"font-family: verdana, geneva, sans-serif;\">\u2013 2021. febru\u00e1r 16. (kedd) 14:00\u201314:45 k\u00f6z\u00f6tt a 7. \u00e9vfolyam versenyz\u0151i sz\u00e1m\u00e1ra,<\/span><br \/><span style=\"font-family: verdana, geneva, sans-serif;\">\u2013 2021. febru\u00e1r 16. (kedd) 15:00\u201315:45 k\u00f6z\u00f6tt a 8. \u00e9vfolyam versenyz\u0151i sz\u00e1m\u00e1ra.<\/span><\/p>\r\n<p><span style=\"font-family: verdana, geneva, sans-serif;\">\r\n\r\n<\/span><\/p>\r\n<p><span style=\"font-family: verdana, geneva, sans-serif;\">Erd\u00e9lyben \u00e9s K\u00e1rp\u00e1talj\u00e1n a gyakorl\u00e1s helyi id\u0151 szerint 15:00 \u00f3rakor kezd\u0151dik, \u00e9s 17:00 \u00f3rakor \u00e9r v\u00e9get mindk\u00e9t napon.<\/span><\/p>\r\n<p><span style=\"font-family: verdana, geneva, sans-serif;\">\r\n\r\n<\/span><\/p>\r\n<p><span style=\"font-family: verdana, geneva, sans-serif;\">A versenyfel\u00fclet el\u00e9rhet\u0151s\u00e9g\u00e9t, a bel\u00e9p\u00e9si k\u00f3dokat (az azonos\u00edt\u00f3kat \u00e9s a jelszavakat) \u00edm\u00e9lben k\u00fcldj\u00fck el febru\u00e1r 11-ig a regisztr\u00e1lt iskolai kapcsolattart\u00f3knak, versenyszervez\u0151knek. Ezekkel az adatokkal lehet majd bel\u00e9pni a versenyfel\u00fcletre. A versenyszervez\u0151ket ez\u00e9rt arra k\u00e9rj\u00fck, hogy a versenyfel\u00fclet megnyit\u00e1sa el\u0151tt ossz\u00e1k sz\u00e9t a bel\u00e9p\u00e9si adatokat a versenyz\u0151k k\u00f6z\u00f6tt. Fontos ezeknek az adatoknak a meg\u0151rz\u00e9se, ugyanis az 1. fordul\u00f3ban ugyanezekkel a k\u00f3dokkal fognak bel\u00e9pni a versenyz\u0151k, valamint ugyanezekkel a k\u00f3dokkal bel\u00e9pve tekinthetik majd meg a megold\u00e1saikat.<\/span><\/p>\r\n<p><span style=\"font-family: verdana, geneva, sans-serif;\">\r\n\r\n<\/span><\/p>\r\n<p><span style=\"font-family: verdana, geneva, sans-serif;\">A versenyfel\u00fcletet a kezd\u00e9s el\u0151tt 15 perccel kor\u00e1bban nyitjuk meg, \u00e9s 15 perccel a befejez\u00e9s ut\u00e1n z\u00e1rjuk be. K\u00e9rj\u00fck felh\u00edvni a versenyz\u0151k figyelm\u00e9t arra, hogy miut\u00e1n befejezt\u00e9k \u00e9s leadt\u00e1k a feladatsort, k\u00e9s\u0151bb semmik\u00e9ppen se l\u00e9pjenek vissza a versenyfel\u00fcletre, mert ezzel tov\u00e1bbra is terhelik a rendszert. Alkalmank\u00e9nt 7000 di\u00e1k versenyez, ez\u00e9rt a szervereket nem szabad feleslegesen t\u00falterhelni, m\u0171k\u00f6dtetni.<\/span><\/p>\r\n<p><span style=\"font-family: verdana, geneva, sans-serif;\">\r\n\r\n<\/span><\/p>\r\n<p><span style=\"font-family: verdana, geneva, sans-serif;\">A gyakorl\u00e1s c\u00e9lja, hogy a versenyz\u0151k megismerj\u00e9k a digit\u00e1lis verseny k\u00f6r\u00fclm\u00e9nyeit, feladatt\u00edpusait. Sz\u00e1munkra, versenyszervez\u0151k sz\u00e1m\u00e1ra pedig ez az\u00e9rt is fontos, hogy ellen\u0151rizz\u00fck az internetes er\u0151forr\u00e1saink terhelhet\u0151s\u00e9g\u00e9t. Ez ut\u00f3bbi miatt azt k\u00e9rj\u00fck, hogy a megadott id\u0151ben minden versenyz\u0151 l\u00e9pjen be a versenyfel\u00fcletre, \u00e9s oldja meg a gyakorl\u00f3 feladatsort.<\/span><\/p>\r\n<p><span style=\"font-family: verdana, geneva, sans-serif;\">\r\n\r\n<\/span><\/p>\r\n<p><span style=\"font-family: verdana, geneva, sans-serif;\">Indokolt esetben, a j\u00e1rv\u00e1ny\u00fcgyi korl\u00e1toz\u00e1sok miatt (karant\u00e9n, t\u00e1voll\u00e9ti oktat\u00e1s) a gyakorl\u00e1son val\u00f3 r\u00e9szv\u00e9tel otthonr\u00f3l is lehets\u00e9ges.<\/span><\/p>\r\n<p><span style=\"font-family: verdana, geneva, sans-serif;\">\r\n\r\n<\/span><\/p>\r\n<p><span style=\"font-family: verdana, geneva, sans-serif;\">A gyakorl\u00e1s sor\u00e1n a felk\u00e9sz\u00edt\u0151 tan\u00e1r jelen lehet a teremben, \u00e9s seg\u00edthet a versenyz\u0151knek.<\/span><\/p>\r\n<p><span style=\"font-family: verdana, geneva, sans-serif;\">\r\n\r\n<\/span><\/p>\r\n<p><span style=\"font-family: verdana, geneva, sans-serif;\"><strong>Tov\u00e1bbi fontos tudnival\u00f3k<\/strong><\/span><\/p>\r\n<p><span style=\"font-family: verdana, geneva, sans-serif;\">\r\n\r\n<\/span><\/p>\r\n<p><span style=\"font-family: verdana, geneva, sans-serif;\">A helyes\u00edr\u00e1si feladatlapok kit\u00f6lt\u00e9s\u00e9hez sz\u00e1m\u00edt\u00f3g\u00e9pre (laptopra, tabletre vagy asztali g\u00e9pre) \u00e9s megfelel\u0151 internetes kapcsolatra van sz\u00fcks\u00e9g.<\/span><\/p>\r\n<p><span style=\"font-family: verdana, geneva, sans-serif;\">\r\n\r\n<\/span><\/p>\r\n<p><span style=\"font-family: verdana, geneva, sans-serif;\">A feladatok megold\u00e1sa online fel\u00fcleten t\u00f6rt\u00e9nik, magyar nyelv\u0171 billenty\u0171zet sz\u00fcks\u00e9ges hozz\u00e1.<\/span><\/p>\r\n<p><span style=\"font-family: verdana, geneva, sans-serif;\">\r\n\r\n<\/span><\/p>\r\n<p><span style=\"font-family: verdana, geneva, sans-serif;\">A feladatok megold\u00e1s\u00e1hoz 45 perc \u00e1ll rendelkez\u00e9sre.<\/span><\/p>\r\n<p><span style=\"font-family: verdana, geneva, sans-serif;\">\r\n\r\n<\/span><\/p>\r\n<p><span style=\"font-family: verdana, geneva, sans-serif;\">A feladatok megold\u00e1sa ut\u00e1n le kell adni a feladatsort \u201eA feladatsor lead\u00e1sa \u00e9s befejez\u00e9s\u201dgombbal!<\/span><\/p>\r\n<p><span style=\"font-family: verdana, geneva, sans-serif;\">\r\n\r\n<\/span><\/p>\r\n<p><span style=\"font-family: verdana, geneva, sans-serif;\">A <strong>\u00a0<\/strong>gyakorl\u00e1s sor\u00e1n a feladatok lead\u00e1sa ut\u00e1n lehet ellen\u0151rizni a megold\u00e1sokat, \u00e9s ha maradt id\u0151, \u00fajra meg lehet oldani a feladatokat.<\/span><\/p>\r\n<p><span style=\"font-family: verdana, geneva, sans-serif;\">\r\n\r\n<\/span><\/p>\r\n<p><span style=\"font-family: verdana, geneva, sans-serif;\">Aj\u00e1nlott b\u00f6ng\u00e9sz\u0151 a Google Chrome, Microsoft Edge.<\/span><\/p>\r\n<p><span style=\"font-family: verdana, geneva, sans-serif;\">\r\n\r\n<\/span><\/p>\r\n<p><span style=\"font-family: verdana, geneva, sans-serif;\">Fontos, hogy a b\u00f6ng\u00e9sz\u0151 m\u00e9retbe\u00e1ll\u00edt\u00e1sa 100% legyen (ne legyen felnagy\u00edtva vagy lekicsiny\u00edtve).<\/span><\/p>\r\n<p><span style=\"font-family: verdana, geneva, sans-serif;\">\r\n\r\n<\/span><\/p>\r\n<p><span style=\"font-family: verdana, geneva, sans-serif;\">Ha a gyakorl\u00e1s sor\u00e1n a versenyfel\u00fclettel probl\u00e9ma (pl. bel\u00e9p\u00e9s, nem l\u00e1that\u00f3 a feladatsor) ad\u00f3dik, \u00edrjanak a <a href=\"mailto:tfk.simonyi-verseny@kre.hu\">tfk.simonyi-verseny@kre.hu<\/a> c\u00edmre!<\/span><\/p>\r\n<p><span style=\"font-family: verdana, geneva, sans-serif;\">\r\n\r\n<\/span><\/p>\r\n<p><span style=\"font-family: verdana, geneva, sans-serif;\">B\u00e1rmilyen k\u00e9rd\u00e9s, k\u00e9r\u00e9s eset\u00e9n forduljanak hozz\u00e1nk tov\u00e1bbra is bizalommal! Mivel ez mindannyiunk sz\u00e1m\u00e1ra az els\u0151 online verseny, k\u00e9rj\u00fck a t\u00fcrelm\u00fcket, \u00e9s el\u0151re is k\u00f6sz\u00f6nj\u00fck az egy\u00fcttm\u0171k\u00f6d\u00e9s\u00fcket.<\/span><\/p>\r\n<p><span style=\"font-family: verdana, geneva, sans-serif;\">\r\n\r\n<\/span><\/p>\r\n<p><span style=\"font-family: verdana, geneva, sans-serif;\">Valamennyi versenyszervez\u0151 koll\u00e9g\u00e1m \u00e9s munkat\u00e1rsam nev\u00e9ben<\/span><br \/><span style=\"font-family: verdana, geneva, sans-serif;\">\u00fcdv\u00f6zlettel:<\/span><\/p>\r\n<p><span style=\"font-family: verdana, geneva, sans-serif;\">\r\n\r\n<\/span><\/p>\r\n<p><span style=\"font-family: verdana, geneva, sans-serif;\">T\u00f3th Etelka<\/span><br \/><span style=\"font-family: verdana, geneva, sans-serif;\">a verseny f\u0151szervez\u0151je<\/span><\/p>\r\n<p><span style=\"font-family: verdana, geneva, sans-serif;\">\r\n\r\n<\/span><\/p>\r\n<p class=\"has-medium-font-size\"><span style=\"font-family: verdana, geneva, sans-serif;\"><strong>A jelentkez\u00e9si hat\u00e1rid\u0151 meghosszabb\u00edt\u00e1sa<\/strong><\/span><\/p>\r\n<p><span style=\"font-family: verdana, geneva, sans-serif;\"><\/span><\/p>\r\n<p><span style=\"font-family: verdana, geneva, sans-serif;\"><strong>Kedves Koll\u00e9g\u00e1k \u00e9s Di\u00e1kok!<\/strong><\/span><\/p>\r\n<p><span style=\"font-family: verdana, geneva, sans-serif;\"><\/span><\/p>\r\n<p><span style=\"font-family: verdana, geneva, sans-serif;\">T\u00e1j\u00e9koztatjuk \u00d6n\u00f6ket, hogy meghosszabb\u00edtjuk a versenyre val\u00f3 jelentkez\u00e9s hat\u00e1ridej\u00e9t.<\/span><br \/><span style=\"font-family: verdana, geneva, sans-serif;\">A regisztr\u00e1ci\u00f3s fel\u00fcleten <strong><span class=\"has-inline-color has-vivid-red-color\">2021. janu\u00e1r 10-ig<\/span><\/strong> v\u00e1rjuk jelentkez\u00e9s\u00fcket.<\/span><\/p>\r\n<p><span style=\"font-family: verdana, geneva, sans-serif;\"><\/span><\/p>\r\n<p><span style=\"font-family: verdana, geneva, sans-serif;\"><strong>Bek\u00f6sz\u00f6nt\u0151<\/strong><\/span><\/p>\r\n<p class=\"has-medium-font-size\"><span style=\"font-family: verdana, geneva, sans-serif;\"><\/span><\/p>\r\n<p><span style=\"font-family: verdana, geneva, sans-serif;\"><strong>Tisztelt Koll\u00e9g\u00e1k! Tisztelt \u00c9rdekl\u0151d\u0151k! Kedves Di\u00e1kok!<\/strong><\/span><\/p>\r\n<p class=\"has-medium-font-size\"><span style=\"font-family: verdana, geneva, sans-serif;\">\r\n\r\n<\/span><\/p>\r\n<p style=\"text-align: justify;\"><span style=\"font-family: verdana, geneva, sans-serif;\">A 2020\/2021-es tan\u00e9vt\u0151l a Magyar Nyelvtudom\u00e1nyi T\u00e1rsas\u00e1g v\u00e1ltozatlan t\u00e1mogat\u00e1s\u00e1val a K\u00e1roli G\u00e1sp\u00e1r Reform\u00e1tus Egyetem Tan\u00edt\u00f3k\u00e9pz\u0151 F\u0151iskolai Kara veszi \u00e1t a Simonyi Zsigmond K\u00e1rp\u00e1t-medencei helyes\u00edr\u00e1si verseny szervez\u00e9s\u00e9t. Nemcsak a szervez\u0151k szem\u00e9lye v\u00e1ltozik ett\u0151l a tan\u00e9vt\u0151l, hanem a lebonyol\u00edt\u00e1s m\u00f3dja is, hiszen a versenyt digit\u00e1lis form\u00e1ban szervezz\u00fck meg. Ennek legfontosabb okai a j\u00e1rv\u00e1nyhelyzet bizonytalan alakul\u00e1sa, illetve a p\u00e1ly\u00e1zati lehet\u0151s\u00e9gek ez ir\u00e1ny\u00fa profilv\u00e1lt\u00e1sa.<\/span><\/p>\r\n<p class=\"has-medium-font-size\"><span style=\"font-family: verdana, geneva, sans-serif;\">\r\n\r\n<\/span><\/p>\r\n<p style=\"text-align: justify;\"><span style=\"font-family: verdana, geneva, sans-serif;\">Mindannyian tiszt\u00e1ban vagyunk azzal, hogy emberpr\u00f3b\u00e1l\u00f3 id\u0151ket \u00e9l\u00fcnk, ugyanakkor mindent megtesz\u00fcnk az\u00e9rt, hogy meg\u00fajult keretek k\u00f6z\u00f6tt tov\u00e1bb \u00e9p\u00edts\u00fck a verseny nemes hagyom\u00e1nyait. A verseny c\u00e9lja tov\u00e1bbra is az anyanyelv ir\u00e1nti szeretet er\u0151s\u00edt\u00e9se, a tehets\u00e9ggondoz\u00e1s, valamint a K\u00e1rp\u00e1t-medencei tan\u00e1r-di\u00e1k kapcsolatok fejleszt\u00e9se, \u00e1pol\u00e1sa. Mindezek a c\u00e9lok most kieg\u00e9sz\u00fclnek a digit\u00e1lis \u00edr\u00e1stud\u00e1s fejleszt\u00e9s\u00e9nek beemel\u00e9s\u00e9vel. A z\u00f6kken\u0151mentes \u00e1tmenet \u00e9rdek\u00e9ben a verseny kor\u00e1bbi szervez\u0151i \u00e9s munkat\u00e1rsai \u2013 Antaln\u00e9 Szab\u00f3 \u00c1gnes, Laczk\u00f3 Krisztina, Petr\u00f3 T\u00edmea \u2013 tov\u00e1bbra is seg\u00edtik munk\u00e1nkat hasznos tan\u00e1csaikkal \u00e9s szakmai tapasztalataikkal \u00fagy a szervez\u00e9sben, mint a feladatsorok \u00f6ssze\u00e1ll\u00edt\u00e1s\u00e1ban, lektor\u00e1l\u00e1s\u00e1ban. A szakmai zs\u0171ri eln\u00f6ke v\u00e1ltozatlanul Keszler Borb\u00e1la professzor asszony lesz. Megtisztel\u0151 sz\u00e1munkra, hogy elfogadta a felk\u00e9r\u00e9s\u00fcnket. B\u00edzunk abban a k\u00f6z\u00f6s akaratban, ami az elm\u00falt 23 \u00e9vben a verseny alapj\u00e1ul szolg\u00e1lt, \u00e9s ami a folytat\u00e1s\u00e1nak is z\u00e1loga. Sz\u00e1m\u00edtunk tov\u00e1bbra is minden felk\u00e9sz\u00edt\u0151 pedag\u00f3gus, minden magyarorsz\u00e1gi \u00e9s hat\u00e1ron t\u00fali szervez\u0151 seg\u00edts\u00e9g\u00e9re, t\u00e1mogat\u00e1s\u00e1ra.<\/span><\/p>\r\n<p class=\"has-medium-font-size\"><span style=\"font-family: verdana, geneva, sans-serif;\">\r\n\r\n<\/span><\/p>\r\n<p style=\"text-align: justify;\"><span style=\"font-family: verdana, geneva, sans-serif;\">K\u00e9rj\u00fck, olvass\u00e1k el honlapunkon a 2020\/21-es verseny versenyki\u00edr\u00e1s\u00e1t \u00e9s -szab\u00e1lyzat\u00e1t, \u00e9s jelentkezzenek a versenyre! A jelentkez\u00e9s 2020. november 15-\u00e9n kezd\u0151dik a verseny regisztr\u00e1ci\u00f3s fel\u00fclet\u00e9n, \u00e9s 2020. december 20-ig tart.<\/span><\/p>\r\n<p class=\"has-medium-font-size\"><span style=\"font-family: verdana, geneva, sans-serif;\">\r\n\r\n<\/span><\/p>\r\n<div class=\"wp-block-group\"><div class=\"wp-block-group__inner-container is-layout-flow wp-block-group-is-layout-flow\"><span style=\"font-family: verdana, geneva, sans-serif;\"><\/span>\r\n<div class=\"wp-block-group\"><div class=\"wp-block-group__inner-container is-layout-flow wp-block-group-is-layout-flow\"><span style=\"font-family: verdana, geneva, sans-serif;\"><\/span>\r\n<p><span style=\"font-family: verdana, geneva, sans-serif;\">Leveleiket a k\u00f6vetkez\u0151 c\u00edmre v\u00e1rjuk: <a href=\"mailto:tfk.simonyi-verseny@kre.hu\" target=\"_blank\" rel=\"noreferrer noopener\">tfk.simonyi-verseny@kre.hu<\/a><\/span><br \/><span style=\"font-family: verdana, geneva, sans-serif;\">K\u00e9r\u00e9s, k\u00e9rd\u00e9s eset\u00e9n forduljanak hozz\u00e1nk bizalommal!<\/span><\/p>\r\n<span style=\"font-family: verdana, geneva, sans-serif;\">\r\n\r\n<\/span>\r\n<p><span style=\"font-family: verdana, geneva, sans-serif;\">K\u00f6sz\u00f6nettel \u00e9s tisztelettel az \u00faj szervez\u0151k nev\u00e9ben:<\/span><\/p>\r\n<span style=\"font-family: verdana, geneva, sans-serif;\"><\/span><\/div><\/div>\r\n<span style=\"font-family: verdana, geneva, sans-serif;\"><\/span><\/div><\/div>\r\n<p class=\"has-medium-font-size\"><span style=\"font-family: verdana, geneva, sans-serif;\">\r\n\r\n<\/span><\/p>\r\n<div class=\"wp-block-group\"><div class=\"wp-block-group__inner-container is-layout-flow wp-block-group-is-layout-flow\">\u00a0<\/div><\/div>\r\n<p class=\"has-medium-font-size\"><span style=\"font-family: verdana, geneva, sans-serif;\">\r\n\r\n<\/span><\/p>\r\n<p><span style=\"font-family: verdana, geneva, sans-serif;\">Budapest, 2020. okt\u00f3ber 30.<\/span><\/p>\r\n<p class=\"has-medium-font-size\"><span style=\"font-family: verdana, geneva, sans-serif;\">\r\n\r\n<\/span><\/p>\r\n<p class=\"has-text-align-right\"><span style=\"font-family: verdana, geneva, sans-serif;\"><em>T\u00f3th Etelka \u00e9s munkat\u00e1rsa<\/em>i<\/span><\/p>\r\n<p class=\"has-medium-font-size\"><span style=\"font-family: verdana, geneva, sans-serif;\">\r\n\r\n<\/span><\/p>\r\n<h1 class=\"wp-block-heading has-medium-font-size\"><span style=\"font-family: verdana, geneva, sans-serif;\"><strong>A Simonyi-verseny j\u00f6v\u0151j\u00e9r\u0151l<\/strong><\/span><\/h1>\r\n<p class=\"has-medium-font-size\"><span style=\"font-family: verdana, geneva, sans-serif;\">\r\n\r\n<\/span><\/p>\r\n<p><span style=\"font-family: verdana, geneva, sans-serif;\"><strong>Kedves \u00c9rdekl\u0151d\u0151k!<\/strong><\/span><\/p>\r\n<p class=\"has-medium-font-size\"><span style=\"font-family: verdana, geneva, sans-serif;\">\r\n\r\n<\/span><\/p>\r\n<p style=\"text-align: justify;\"><span style=\"font-family: verdana, geneva, sans-serif;\">Mindenki sz\u00e1m\u00e1ra neh\u00e9z ez az \u00e9v, mindannyian nagyon sajn\u00e1ljuk, hogy elmaradtak a Simonyi-verseny tavaszi fordul\u00f3i. A 2019\/2020-as tan\u00e9v indul\u00e1sa \u00faj feladatokat hozott a kor\u00e1bbi \u00e9vekhez k\u00e9pest a k\u00f6zponti szervez\u0151k sz\u00e1m\u00e1ra, hiszen a megyei versenyszervez\u0151k helyett a mi feladatunk lett az iskolai versenyek megszervez\u00e9se \u00e9s a megyei versenyek el\u0151k\u00e9sz\u00edt\u00e9se is. M\u00e1r az ez \u00e9vi tapasztalatok megmutatt\u00e1k, hogy ez olyan sok t\u00f6bbletfeladatot jelent sz\u00e1munkra, hogy be kellett l\u00e1tnunk, ezt hossz\u00fa t\u00e1von a saj\u00e1t munk\u00e1nk mellett nem tudjuk v\u00e1llalni. Rendk\u00edv\u00fcl szomor\u00fa, hogy a 23 \u00e9vnyi versenyszervez\u00e9st ezzel a csonka \u00e9vvel kell befejezn\u00fcnk, de sajnos meg kellett hoznunk ezt a d\u00f6nt\u00e9st. Mindent megtett\u00fcnk az\u00e9rt, hogy megtal\u00e1ljuk a megnyugtat\u00f3 megold\u00e1st a verseny folytat\u00e1s\u00e1ra, \u00f6r\u00f6mmel tudatjuk mindenkivel, hogy elk\u00f6telezett, \u00faj f\u0151szervez\u0151knek adjuk \u00e1t a Simonyi-versenyt.<\/span><\/p>\r\n<p class=\"has-medium-font-size\"><span style=\"font-family: verdana, geneva, sans-serif;\">\r\n\r\n<\/span><\/p>\r\n<p style=\"text-align: justify;\"><span style=\"font-family: verdana, geneva, sans-serif;\">A 2020\/2021-es tan\u00e9vt\u0151l a K\u00e1roli G\u00e1sp\u00e1r Reform\u00e1tus Egyetem Tan\u00edt\u00f3k\u00e9pz\u0151 F\u0151iskolai Kara veszi \u00e1t a verseny szervez\u00e9s\u00e9t a Magyar Nyelvtudom\u00e1nyi T\u00e1rsas\u00e1g t\u00e1mogat\u00e1s\u00e1val. A verseny \u00faj f\u0151szervez\u0151je T\u00f3th Etelka tan\u00e1rn\u0151 lesz, aki a KRE TFK Pedag\u00f3gusk\u00e9pz\u0151 Int\u00e9zet\u00e9ben a Nyelv, Irodalom \u00e9s Kult\u00fara Tansz\u00e9k tansz\u00e9kvezet\u0151 f\u0151iskolai tan\u00e1ra, a magyar helyes\u00edr\u00e1s kutat\u00e1s\u00e1nak egyik kiemelked\u0151 szakembere. A tan\u00e1rn\u0151 a kezdetek \u00f3ta r\u00e9szt vesz a Simonyi-verseny szervez\u00e9s\u00e9ben jav\u00edt\u00f3k\u00e9nt, \u00edgy vannak tapasztalatai a szervez\u00e9sben is. A koll\u00e9g\u00e1immal term\u00e9szetesen seg\u00edtj\u00fck az \u00faj szervez\u0151k munk\u00e1j\u00e1t, \u00e9s \u00e1tadjuk sz\u00e1mukra a 23 \u00e9v alatt \u00f6sszegy\u0171jt\u00f6tt tapasztalatokat, a kor\u00e1bbi szervez\u00e9si dokumentumokat. A z\u00f6kken\u0151mentes \u00e1tmenet \u00e9rdek\u00e9ben a 2020\/2021-es tan\u00e9vben a kor\u00e1bbi munkat\u00e1rsak (Antaln\u00e9 Szab\u00f3 \u00c1gnes, Laczk\u00f3 Krisztina, Petr\u00f3 T\u00edmea) v\u00e1llalj\u00e1k a feladatok \u00f6ssze\u00e1ll\u00edt\u00e1s\u00e1t \u00e9s lektor\u00e1l\u00e1s\u00e1t, a zs\u0171ri eln\u00f6ke a tov\u00e1bbiakban is Keszler Borb\u00e1la professzor asszony lesz.<\/span><\/p>\r\n<p class=\"has-medium-font-size\"><span style=\"font-family: verdana, geneva, sans-serif;\">\r\n\r\n<\/span><\/p>\r\n<p style=\"text-align: justify;\"><span style=\"font-family: verdana, geneva, sans-serif;\">Az Emminek az \u00faj p\u00e1ly\u00e1zati ki\u00edr\u00e1sa a digit\u00e1lis tanulm\u00e1nyi versenyeket r\u00e9szes\u00edti el\u0151nyben. R\u00e9szben ez\u00e9rt, r\u00e9szben a j\u00e1rv\u00e1nyhelyzet bizonytalan j\u00f6v\u0151 \u00e9vi alakul\u00e1sa miatt az \u00faj szervez\u0151k a Simonyi Zsigmond K\u00e1rp\u00e1t-medencei helyes\u00edr\u00e1si versenyt digit\u00e1lis form\u00e1ban szervezik meg. A kor\u00e1bbi szervez\u0151k is tervezt\u00e9k a digit\u00e1lis versenyforma kialak\u00edt\u00e1s\u00e1t, de ezt a 2019\/2020-as tan\u00e9vben m\u00e9g nem siker\u00fclt megval\u00f3s\u00edtani. A Magyar Nyelvtudom\u00e1nyi T\u00e1rsas\u00e1g is \u00f6r\u00f6mmel \u00fcdv\u00f6zli ezt a megold\u00e1st, \u00e9s t\u00e1mogatja a Simonyi-verseny digit\u00e1lis form\u00e1j\u00e1nak a kialak\u00edt\u00e1s\u00e1t.<\/span><\/p>\r\n<p class=\"has-medium-font-size\"><span style=\"font-family: verdana, geneva, sans-serif;\">\r\n\r\n<\/span><\/p>\r\n<p style=\"text-align: justify;\"><span style=\"font-family: verdana, geneva, sans-serif;\">K\u00e9rj\u00fck a kedves felk\u00e9sz\u00edt\u0151 tan\u00e1rokat, a hat\u00e1ron t\u00fali szervez\u0151ket \u00e9s a b\u00e1zisiskol\u00e1k pedag\u00f3gusait, hogy seg\u00edts\u00e9k az \u00faj szervez\u0151k munk\u00e1j\u00e1t, m\u0171k\u00f6djenek egy\u00fctt vel\u00fck az \u00faj forma kialak\u00edt\u00e1s\u00e1ban, hogy fennmaradjon a Simonyi-verseny. K\u00e9rj\u00fck, hogy t\u00fcrelemmel \u00e9s bizakodva fogadj\u00e1k a kezdem\u00e9nyez\u00e9st. Az \u00faj szervez\u0151k a ny\u00e1r v\u00e9g\u00e9ig k\u00f6zz\u00e9teszik az \u00faj versenyki\u00edr\u00e1st \u00e9s az \u00faj versenyszab\u00e1lyzatot.<\/span><\/p>\r\n<p class=\"has-medium-font-size\"><span style=\"font-family: verdana, geneva, sans-serif;\">\r\n\r\n<\/span><\/p>\r\n<p>&nbsp;<\/p>\r\n<p class=\"has-medium-font-size\"><span style=\"font-family: verdana, geneva, sans-serif;\">\r\n\r\n<\/span><\/p>\r\n<p style=\"text-align: justify;\"><span style=\"font-family: verdana, geneva, sans-serif;\">Az \u00faj szervez\u0151k azt tervezik, hogy tov\u00e1bbviszik a tanul\u00f3k, a tan\u00e1rok \u00e9s az iskol\u00e1k jutalmaz\u00e1s\u00e1nak a kialakult hagyom\u00e1nyait. A kor\u00e1bbi zs\u0171ri javaslat\u00e1ra a Magyar Nyelvtudom\u00e1nyi T\u00e1rsas\u00e1g \u00fagy d\u00f6nt\u00f6tt, hogy a csonka versenyfordul\u00f3k ellen\u00e9re Simonyi Zsigmond-\u00e9remmel jutalmazza 2020-ban azt a h\u00e1rom 8. oszt\u00e1lyos tanul\u00f3t, akik m\u00e1r h\u00e1rom alkalommal eljutottak a K\u00e1rp\u00e1t-medencei d\u00f6nt\u0151re, \u00edgy es\u00e9ly\u00fck lett volna arra, hogy negyedik alkalommal is r\u00e9szt vegyenek a d\u00f6nt\u0151n. Az \u00e9rmeket \u00e9s az okleveleket eljuttatjuk a tanul\u00f3knak.<\/span><\/p>\r\n<p class=\"has-medium-font-size\"><span style=\"font-family: verdana, geneva, sans-serif;\">\r\n\r\n<\/span><\/p>\r\n<div class=\"wp-block-group\"><div class=\"wp-block-group__inner-container is-layout-flow wp-block-group-is-layout-flow\"><span style=\"font-family: verdana, geneva, sans-serif;\"><\/span>\r\n<p><span style=\"font-family: verdana, geneva, sans-serif;\">A Magyar Nyelvtudom\u00e1nyi T\u00e1rsas\u00e1g Simonyi Zsigmond-\u00e9remmel jutalmazza a k\u00f6vetkez\u0151, kiemelked\u0151 eredm\u00e9nyt el\u00e9rt 8. oszt\u00e1lyos tanul\u00f3kat.<\/span><\/p>\r\n<span style=\"font-family: verdana, geneva, sans-serif;\">\r\n\r\n<\/span>\r\n<p><span style=\"font-family: verdana, geneva, sans-serif;\">Bezzeg Bal\u00e1zs (Szent Benedek Katolikus \u00c1ltal\u00e1nos Iskola, Celld\u00f6m\u00f6lk)<\/span><br \/><span style=\"font-family: verdana, geneva, sans-serif;\">Nov\u00e1ki P\u00e9ter (Debreceni Egyetem Kossuth Lajos Gyakorl\u00f3 Gimn\u00e1ziuma \u00e9s \u00c1ltal\u00e1nos Iskol\u00e1ja Arany J\u00e1nos t\u00e9ri feladatell\u00e1t\u00e1si helye, Debrecen)<\/span><br \/><span style=\"font-family: verdana, geneva, sans-serif;\">T\u00e1los Lili Anna (Kecskem\u00e9ti Katona J\u00f3zsef Gimn\u00e1zium, Kecskem\u00e9t)<\/span><\/p>\r\n<span style=\"font-family: verdana, geneva, sans-serif;\">\r\n\r\n<\/span>\r\n<p><span style=\"font-family: verdana, geneva, sans-serif;\">Gratul\u00e1lunk a Simonyi Zsigmond-\u00e9remmel kit\u00fcntetett tanul\u00f3knak!<\/span><\/p>\r\n<span style=\"font-family: verdana, geneva, sans-serif;\">\r\n\r\n<\/span>\r\n<p style=\"text-align: justify;\"><span style=\"font-family: verdana, geneva, sans-serif;\">A Magyar Nyelvtudom\u00e1nyi T\u00e1rsas\u00e1g Simonyi Zsigmond-\u00e9remmel jutalmazza Petr\u00f3 T\u00edme\u00e1t is, aki 13. \u00e9ve szervezi a munk\u00e1ja mellett nagy szeretettel \u00e9s gondoss\u00e1ggal a Simonyi-verseny fordul\u00f3it, rendk\u00edv\u00fcli odafigyel\u00e9ssel tan\u00edtotta be \u00e9vr\u0151l \u00e9vre a d\u00f6nt\u0151n seg\u00edt\u0151 hallgat\u00f3kat, nagy szak\u00e9rtelemmel koordin\u00e1lta a K\u00e1rp\u00e1t-medencei d\u00f6nt\u0151 el\u0151k\u00e9sz\u00edt\u00e9s\u00e9t \u00e9s lebonyol\u00edt\u00e1s\u00e1t, valamint sok \u00e9ve lektor\u00e1lja a versenyanyagot.<\/span><\/p>\r\n<span style=\"font-family: verdana, geneva, sans-serif;\">\r\n\r\n<\/span>\r\n<p><span style=\"font-family: verdana, geneva, sans-serif;\">Gratul\u00e1lunk Petr\u00f3 T\u00edme\u00e1nak a Simonyi Zsigmond-\u00e9remhez! K\u00f6sz\u00f6nj\u00fck sok\u00e9ves, kiv\u00e1l\u00f3 szervez\u0151i munk\u00e1j\u00e1t!<\/span><\/p>\r\n<span style=\"font-family: verdana, geneva, sans-serif;\">\r\n\r\n<\/span>\r\n<p style=\"text-align: justify;\"><span style=\"font-family: verdana, geneva, sans-serif;\">A munkat\u00e1rsaim nev\u00e9ben is k\u00f6sz\u00f6n\u00f6m sz\u00e9pen minden felk\u00e9sz\u00edt\u0151 tan\u00e1rnak \u00e9s minden hat\u00e1ron t\u00fali szervez\u0151nek \u00f6nzetlen seg\u00edts\u00e9g\u00fcket, sok\u00e9ves \u00e1ldozatos munk\u00e1jukat, a tanul\u00f3knak \u00e9rdekl\u0151d\u00e9s\u00fcket, szorgalmukat. K\u00e9rem, hogy t\u00e1mogass\u00e1k az \u00faj szervez\u0151ket, \u00e9s jelentkezzenek \u0151sszel a digit\u00e1lis Simonyi-versenyre.<\/span><\/p>\r\n<span style=\"font-family: verdana, geneva, sans-serif;\"><\/span><\/div><\/div>\r\n<p class=\"has-medium-font-size\"><span style=\"font-family: verdana, geneva, sans-serif;\">\r\n\r\n<\/span><\/p>\r\n<p><span style=\"font-family: verdana, geneva, sans-serif;\">K\u00f6sz\u00f6nettel \u00e9s tisztelettel:<\/span><\/p>\r\n<p class=\"has-medium-font-size\"><span style=\"font-family: verdana, geneva, sans-serif;\">\r\n\r\n<\/span><\/p>\r\n<p><span style=\"font-family: verdana, geneva, sans-serif;\">Budapest, 2020. m\u00e1jus 23.<\/span><\/p>\r\n<p class=\"has-medium-font-size\"><span style=\"font-family: verdana, geneva, sans-serif;\">\r\n\r\n<\/span><\/p>\r\n<p class=\"has-text-align-right\"><span style=\"font-family: verdana, geneva, sans-serif;\"><em>Antaln\u00e9 Szab\u00f3 \u00c1gnes \u00e9s munkat\u00e1rsai<\/em><\/span><\/p>\r\n<p class=\"has-medium-font-size\"><span style=\"font-family: verdana, geneva, sans-serif;\">\r\n\r\n<\/span><\/p>\r\n<p>&nbsp;<\/p>\r\n<p class=\"has-medium-font-size\"><\/p>","protected":false},"excerpt":{"rendered":"<p>A XXIX. Simonyi-verseny &#8211; &#8211; &#8211; &#8211; o &#8211; &#8211; &#8211; &#8211; 2026. 04. 07. A 2. fordul\u00f3 eredm\u00e9nyei Megsz\u00fclettek a magyarorsz\u00e1gi, a felvid\u00e9ki, a k\u00e1rp\u00e1taljai \u00e9s a vajdas\u00e1gi iskol\u00e1knak rendezett m\u00e1sodik versenyfordul\u00f3 v\u00e9gleges eredm\u00e9nyei. A versenyre 1094 int\u00e9zm\u00e9nyb\u0151l 6 917 tanul\u00f3 jutott be. K\u00f6z\u00fcl\u00fck 6 579 f\u0151 vett r\u00e9szt a 2. fordul\u00f3ban. Sz\u00edvb\u0151l gratul\u00e1lunk &hellip; <\/p>\n<p class=\"link-more\"><a href=\"https:\/\/simonyi.kre.hu\/?p=168\" class=\"more-link\"><span class=\"screen-reader-text\">&#8222;H\u00edrek&#8221;<\/span> b\u0151vebben<\/a><\/p>\n","protected":false},"author":1,"featured_media":0,"comment_status":"closed","ping_status":"closed","sticky":false,"template":"","format":"standard","meta":{"footnotes":""},"categories":[1],"tags":[],"class_list":["post-168","post","type-post","status-publish","format-standard","hentry","category-egyeb"],"_links":{"self":[{"href":"https:\/\/simonyi.kre.hu\/index.php?rest_route=\/wp\/v2\/posts\/168","targetHints":{"allow":["GET"]}}],"collection":[{"href":"https:\/\/simonyi.kre.hu\/index.php?rest_route=\/wp\/v2\/posts"}],"about":[{"href":"https:\/\/simonyi.kre.hu\/index.php?rest_route=\/wp\/v2\/types\/post"}],"author":[{"embeddable":true,"href":"https:\/\/simonyi.kre.hu\/index.php?rest_route=\/wp\/v2\/users\/1"}],"replies":[{"embeddable":true,"href":"https:\/\/simonyi.kre.hu\/index.php?rest_route=%2Fwp%2Fv2%2Fcomments&post=168"}],"version-history":[{"count":417,"href":"https:\/\/simonyi.kre.hu\/index.php?rest_route=\/wp\/v2\/posts\/168\/revisions"}],"predecessor-version":[{"id":2845,"href":"https:\/\/simonyi.kre.hu\/index.php?rest_route=\/wp\/v2\/posts\/168\/revisions\/2845"}],"wp:attachment":[{"href":"https:\/\/simonyi.kre.hu\/index.php?rest_route=%2Fwp%2Fv2%2Fmedia&parent=168"}],"wp:term":[{"taxonomy":"category","embeddable":true,"href":"https:\/\/simonyi.kre.hu\/index.php?rest_route=%2Fwp%2Fv2%2Fcategories&post=168"},{"taxonomy":"post_tag","embeddable":true,"href":"https:\/\/simonyi.kre.hu\/index.php?rest_route=%2Fwp%2Fv2%2Ftags&post=168"}],"curies":[{"name":"wp","href":"https:\/\/api.w.org\/{rel}","templated":true}]}}